{"id":37619,"date":"2019-05-29T12:21:43","date_gmt":"2019-05-29T16:21:43","guid":{"rendered":"https:\/\/linitiative.ca\/International\/entree-en-vigueur-de-la-zone-de-libre-echange-continentale-ce-30-mai-sans-le-cameroun\/"},"modified":"2019-05-29T12:21:43","modified_gmt":"2019-05-29T16:21:43","slug":"entree-en-vigueur-de-la-zone-de-libre-echange-continentale-ce-30-mai-sans-le-cameroun","status":"publish","type":"post","link":"https:\/\/linitiative.ca\/International\/entree-en-vigueur-de-la-zone-de-libre-echange-continentale-ce-30-mai-sans-le-cameroun\/","title":{"rendered":"Entr\u00e9e en vigueur de la zone de libre-\u00e9change continentale ce 30 mai sans le Cameroun"},"content":{"rendered":"<p>Sous la pression de son secteur priv\u00e9 et du richissime homme d\u2019affaires <strong>Aliko Dangote<\/strong>, en particulier, le Nigeria avait fait part de la suspension de sa participation \u00e0 la Zone de libre-\u00e9change continentale africaine (<strong>Zlec<\/strong>), qui entre en vigueur ce 30 mai. Mais, la position de la premi\u00e8re \u00e9conomie du continent a \u00e9volu\u00e9 au cours des mois et, le 21 mai, son ministre de l\u2019Industrie, du Commerce et de l\u2019Investissement, <strong>Okechukwu Enelamah<\/strong>, a d\u00e9clar\u00e9 qu\u2019un processus de d\u00e9cision est en cours, lequel va dans le sens de la ratification prochaine de l\u2019accord \u00e9tablissant cette zone. La secr\u00e9taire ex\u00e9cutive de la Commission \u00e9conomique des Nations Unies pour l\u2019Afrique (<strong>Cea<\/strong>), l\u2019\u00e9conomiste de nationalit\u00e9 camerounaise, <strong>Vera Songwe<\/strong>, a d\u2019ailleurs regrett\u00e9 cette semaine le fait que les industriels nig\u00e9rians cherchaient inutilement \u00e0 prot\u00e9ger leurs investissements, non sans les pr\u00e9venir que, \u00ab <em>que ce soit dans la Zlec ou autre chose, il ne faut pas se leurrer, le Nigeria sera confront\u00e9 \u00e0 la concurrence. Et l\u2019exemple de la C\u00f4te d\u2019Ivoire devrait rassurer les sceptiques (\u2026). Pour moi, la C\u00f4te d\u2019Ivoire est l\u2019antidote aux vell\u00e9it\u00e9s protectionnistes<\/em> \u00bb, soutient-elle dans <strong>Jeune Afrique<\/strong> de cette semaine.<\/p>\n<hr\/>\n<h4><strong>>> Lire aussi \u2013 <a title=\"Zone de libre-\u00e9change continentale : Vers l\u2019entr\u00e9e en vigueur de l\u2019accord sans le Cameroun\" href=\"https:\/\/ecomatin.net\/zone-de-libre-echange-continentale-vers-lentree-en-vigueur-de-laccord-sans-le-cameroun\/\" target=\"_blank\" rel=\"noopener noreferrer\">Zone de libre-\u00e9change continentale : Vers l\u2019entr\u00e9e en vigueur de l\u2019accord sans le Cameroun<\/a><br \/><\/strong><\/h4>\n<hr\/>\n<p>Au Cameroun, le sujet est presqu\u2019ignor\u00e9 alors m\u00eame que l\u2019avant-projet de ratification de cet accord, qui \u00e9tait attendu au Parlement lors de la session de mars 2019, sommeillerait dans un tiroir \u00e0 la pr\u00e9sidence de la R\u00e9publique. En visite dans le pays du 20 au 22 avril dernier, la secr\u00e9taire ex\u00e9cutive de la Cea a plaid\u00e9 aupr\u00e8s des autorit\u00e9s pour que le Cameroun puisse jouer un r\u00f4le de premier plan dans la ratification de l\u2019accord \u00e9tablissant la Zlec, compte tenu de sa position de locomotive \u00e9conomique de la Communaut\u00e9 \u00e9conomique et mon\u00e9taire de l\u2019Afrique centrale (<strong>Cemac<\/strong>). A la veille de l\u2019\u00e9ch\u00e9ance du 30 mai 2019 fix\u00e9e par l\u2019Union africaine pour son entr\u00e9e en vigueur, le Cameroun qui avait \u00e9t\u00e9 l\u2019un des premiers pays \u00e0 adh\u00e9rer \u00e0 ce projet, le 21 mars 2018 \u00e0 Kigali (Rwanda), n\u2019a pas donn\u00e9 les raisons de sa r\u00e9ticence.<\/p>\n<p><strong>Pib de 2500 milliards de dollars<\/strong><br \/>Le ministre du Commerce, <strong>Luc Magloire Mbarga Atangana<\/strong>, qui aura le plus vant\u00e9 l\u2019av\u00e8nement de cet accord, est \u00e9tonnamment silencieux sur la question au moment de sa mise en \u0153uvre sans le Cameroun. \u00ab Nous devons approvisionner les march\u00e9s africains dans le cadre de la Zone de libre-\u00e9change continentale mise en place par l\u2019Union africaine. Nous allons conqu\u00e9rir des nouveaux march\u00e9s r\u00e9gionaux, sous -r\u00e9gionaux, nous avons un bon sol et de bons produits \u00bb, a-t-il r\u00e9p\u00e9t\u00e9 depuis le 21 mars 2018. Sous-r\u00e9serve des explications \u00e9ventuelles du gouvernement, qui viendraient rassurer l\u2019opinion quant au fait qu\u2019il ne s\u2019agit pas d\u2019un oubli de sa part, il faudra peut-\u00eatre attendre la session de juin prochain au S\u00e9nat et \u00e0 l\u2019Assembl\u00e9e nationale pour voir enfin l\u2019avant-projet de loi cit\u00e9e supra, arriver sur la table des s\u00e9nateurs et des d\u00e9put\u00e9s. Le temps de l\u2019examiner et le voter \u00e9ventuellement, le Cameroun prendra in\u00e9luctablement le train en marche.<\/p>\n<p>Pour m\u00e9moire, la Zlec repr\u00e9sente potentiellement un march\u00e9 de 1<strong>,2 milliard de consommateurs<\/strong>, pour un Pib de <strong>2500 milliards de dollars<\/strong>, soit environ <strong>1 465 700 milliards Fcfa<\/strong>. Pour le moment, seuls <strong>22 pays<\/strong> ont ratifi\u00e9 cet accord commercial qui pr\u00e9voit un important abaissement des droits de douane et vise \u00e0 doper, sur les 10 premi\u00e8res ann\u00e9es, les \u00e9changes intra-africains de 15% \u00e0 25% du commerce total du continent. Selon la Cea, l\u2019avantage qu\u2019offre cet accord r\u00e9side dans le fait qu\u2019il permet aux pays de se sp\u00e9cialiser dans leurs domaines de comp\u00e9titivit\u00e9 et d\u2019exporter de mani\u00e8re rentable vers leurs voisins imm\u00e9diats et m\u00eame vers les pays plus \u00e9loign\u00e9s.<\/p>\n<hr\/>\n<h4><strong>>> Lire aussi \u2013 <a title=\"Commerce intra-africain: la strat\u00e9gie du Cameroun pour tirer profit de la zone de libre \u00e9change\" href=\"https:\/\/ecomatin.net\/commerce-intra-africain-la-strategie-du-cameroun-pour-tirer-profit-de-la-zone-de-libre-echange\/\" target=\"_blank\" rel=\"noopener noreferrer\">Commerce intra-africain: la strat\u00e9gie du Cameroun pour tirer profit de la zone de libre \u00e9change<\/a><br \/><\/strong><\/h4>\n<hr\/>\n<p>Le 07 juin \u00e0 Niamey (Niger), il est attendu un Sommet des chefs d\u2019Eta et de gouvernement de l\u2019Union africaine, qui ent\u00e9rinera le lancement de la premi\u00e8re phase op\u00e9rationnelle de la Zlec. Le plus dur pour l\u2019instant reste le d\u00e9mant\u00e8lement des barri\u00e8res douani\u00e8res et l\u2019harmonisation des r\u00e8gles douani\u00e8res. L\u2019on devrait en savoir un peu plus au terme des n\u00e9gociations d\u2019Addis-Abeba (Ethiopie), entam\u00e9es depuis le 20 mai dernier, sur la nomenclature des produits \u00e0 d\u00e9taxer ou \u00e0 exclure de la liste de ceux devant circuler en franchise de douanes.<\/p>\n<p><span class=\"c2\"><strong>18 des 22 pays ayant ratifi\u00e9 la Zlec<\/strong><\/span><br \/>Le Kenya, le Ghana, le Rwanda, le Niger, le Tchad, le Swaziland, la Guin\u00e9e, l\u2019Ouganda, la C\u00f4te d\u2019Ivoire, l\u2019Afrique du Sud, le Mali, la Namibie, la RDC, la Mauritanie, Djibouti, le Togo et l\u2019\u00c9gypte, la Gambie.<\/p>\n<div class=\"about-author about-author-box container-wrapper\">\n<div class=\"author-avatar\">\n<p><img decoding=\"async\" src=\"http:\/\/\" alt=\"\"\/><\/p>\n<\/div>\n<p><h4>La R\u00e9daction EcoMatin<\/h4>\n<\/p>\n<\/div>\n<div class=\"awac-wrapper awac widget blog_subscription-2\">\n<h4 class=\"widget-title\">Abonnez-vous \u00e0 notre lettre d&rsquo;information<\/h4>\n<\/div>\n<p>Auteur: EcoMatin<br \/>\n<a href=\"https:\/\/ecomatin.net\/zone-de-libre-echange-continentale-entree-en-vigueur-de-la-zlec-demain-sans-le-cameroun\/\">Cliquez ici pour lire l&rsquo;article depuis sa source.<\/a><\/p>\n","protected":false},"excerpt":{"rendered":"<p>Sous la pression de son secteur priv\u00e9 et du richissime homme d\u2019affaires Aliko Dangote, en particulier, le Nigeria avait fait part de la suspension de sa participation \u00e0 la Zone de libre-\u00e9change continentale africaine (Zlec), qui entre en vigueur ce 30 mai. Mais, la position de la premi\u00e8re \u00e9conomie du continent a \u00e9volu\u00e9 au cours [&hellip;]<\/p>\n","protected":false},"author":1969,"featured_media":0,"comment_status":"closed","ping_status":"closed","sticky":false,"template":"","format":"standard","meta":{"fifu_image_url":"","fifu_image_alt":"","footnotes":""},"categories":[82,78],"tags":[],"class_list":["post-37619","post","type-post","status-publish","format-standard","hentry","category-cameroun","category-economie"],"_links":{"self":[{"href":"https:\/\/linitiative.ca\/International\/wp-json\/wp\/v2\/posts\/37619","targetHints":{"allow":["GET"]}}],"collection":[{"href":"https:\/\/linitiative.ca\/International\/wp-json\/wp\/v2\/posts"}],"about":[{"href":"https:\/\/linitiative.ca\/International\/wp-json\/wp\/v2\/types\/post"}],"author":[{"embeddable":true,"href":"https:\/\/linitiative.ca\/International\/wp-json\/wp\/v2\/users\/1969"}],"replies":[{"embeddable":true,"href":"https:\/\/linitiative.ca\/International\/wp-json\/wp\/v2\/comments?post=37619"}],"version-history":[{"count":0,"href":"https:\/\/linitiative.ca\/International\/wp-json\/wp\/v2\/posts\/37619\/revisions"}],"wp:attachment":[{"href":"https:\/\/linitiative.ca\/International\/wp-json\/wp\/v2\/media?parent=37619"}],"wp:term":[{"taxonomy":"category","embeddable":true,"href":"https:\/\/linitiative.ca\/International\/wp-json\/wp\/v2\/categories?post=37619"},{"taxonomy":"post_tag","embeddable":true,"href":"https:\/\/linitiative.ca\/International\/wp-json\/wp\/v2\/tags?post=37619"}],"curies":[{"name":"wp","href":"https:\/\/api.w.org\/{rel}","templated":true}]}}