{"id":37620,"date":"2019-05-29T13:29:42","date_gmt":"2019-05-29T17:29:42","guid":{"rendered":"https:\/\/linitiative.ca\/International\/crise-manageriale-nganou-djoumessi-en-sapeur-pompier-au-matgenie\/"},"modified":"2019-05-29T13:29:42","modified_gmt":"2019-05-29T17:29:42","slug":"crise-manageriale-nganou-djoumessi-en-sapeur-pompier-au-matgenie","status":"publish","type":"post","link":"https:\/\/linitiative.ca\/International\/crise-manageriale-nganou-djoumessi-en-sapeur-pompier-au-matgenie\/","title":{"rendered":"Crise manag\u00e9riale : Nganou Djoumessi en sapeur-pompier au Matg\u00e9nie"},"content":{"rendered":"<p>C\u2019est une situation de conflit ouvert qui r\u00e8gne au sein du top management du Parc national du mat\u00e9riel de g\u00e9nie-civil (Matg\u00e9nie). Le climat social, apprend-on de source bien inform\u00e9e, est aussi d\u00e9l\u00e9t\u00e8re que le directeur g\u00e9n\u00e9ral, D\u00e9sir\u00e9 Abogo Ntang, le pr\u00e9sident du conseil d\u2019administration, Jean Roland Daniel Ebo, tous nomm\u00e9s \u00e0 la faveur du d\u00e9cret pr\u00e9sidentiel du 14 juin 2017, et m\u00eame les membres dudit conseil, n\u2019arrivent plus \u00e0 accorder leur violon pour faire fonctionner cette entreprise de mani\u00e8re optimale. Les employ\u00e9s comptant plusieurs mois d\u2019arri\u00e9r\u00e9s de salaire. Cette situation a \u00e9t\u00e9 \u00e0 l\u2019origine d\u2019une concertation de crise pr\u00e9sid\u00e9e la semaine derni\u00e8re \u00e0 Yaound\u00e9 par le ministre des Travaux publics, Emmanuel Nganou Djoumessi, qui en assure la tutelle technique. Cette concertation, pr\u00e9cise notre source avait \u00e9t\u00e9 pr\u00e9c\u00e9d\u00e9e par des concertations Mintp-PCA, Mintp-DG, Mintp-administrateurs. Au cours de la concertation de la semaine derni\u00e8re, le Mintp, apprend-on, a rappel\u00e9 aux diff\u00e9rentes parties, les attributions des uns et des autres et insist\u00e9 sur le respect de celles-ci conform\u00e9ment aux textes en vigueur et au droit Ohada.<\/p>\n<hr\/>\n<h4><strong>>> Lire aussi \u2013 <a title=\"Beac : le personnel redoute un plan social\" href=\"https:\/\/ecomatin.net\/beac-le-personnel-redoute-un-plan-social\/\" target=\"_blank\" rel=\"noopener noreferrer\">Beac : le personnel redoute un plan social<\/a><br \/><\/strong><\/h4>\n<hr\/>\n<p>Tout comme il a recommand\u00e9 qu\u2019un audit financier externe soit men\u00e9 au sein de cette entreprise pour la mise en \u0153uvre d\u2019un plan strat\u00e9gique ad\u00e9quat. Autres recommandations du Mintp, la tenue imminente d\u2019une session budg\u00e9taire du Matg\u00e9nie et la n\u00e9cessit\u00e9 de remettre le personnel au travail en pr\u00e9cisant que le Matg\u00e9nie a des instances de paiements \u00e0 plusieurs niveaux, tout en insistant sur le fait qu\u2019il est imp\u00e9ratif de se conformer aux dispositions l\u00e9gales et r\u00e9glementaires. On avait pourtant cru \u00e0 la renaissance du Matg\u00e9nie avec sa restructuration intervenue lors des r\u00e9cents d\u00e9crets pr\u00e9sidentiels. On a m\u00eame salu\u00e9 la signature, le 1er f\u00e9vrier 2019, entre le gouvernement camerounais, \u00e0 travers le minist\u00e8re des Travaux publics et la soci\u00e9t\u00e9 belge DEM Group, d\u2019un contrat de 157 milliards de Fcfa, en vue de la fourniture des \u00e9quipements au Matg\u00e9nie. En plus de la fourniture de plus de 600 engins et v\u00e9hicules \u00e0 cette entreprise, anciennement d\u00e9di\u00e9e \u00e0 la location des engins aux entreprises du BTP, puis devenue une entreprise du BTP \u00e0 part enti\u00e8re suite \u00e0 une r\u00e9forme intervenue en 2015 ; ce contrat int\u00e8gre la cr\u00e9ation de quatre centres de formation \u00e0 la conduite de ces engins, ainsi que des points de service du Matg\u00e9nie dans les dix r\u00e9gions du pays.<\/p>\n<hr\/>\n<h4><strong>>> Lire aussi \u2013 <a title=\"Climat social \u00e0 EDC: aux sources du divorce entre Th\u00e9odore Nsangou et le personnel\" href=\"https:\/\/ecomatin.net\/climat-social-a-edc-aux-sources-du-divorce-entre-theodore-nsangou-et-le-personnel\/\" target=\"_blank\" rel=\"noopener noreferrer\">Climat social \u00e0 EDC: aux sources du divorce entre Th\u00e9odore Nsangou et le personnel<\/a><br \/><\/strong><\/h4>\n<hr\/>\n<p>Ces \u00e9quipements qui devraient livr\u00e9s sur 2 ans par DEM Group, devant permettre au Matg\u00e9nie de se d\u00e9ployer davantage sur le terrain de l\u2019entretien routier, conform\u00e9ment \u00e0 un contrat de partenariat sign\u00e9 avec les communes camerounaises ; de doper son parc pour plus d\u2019efficacit\u00e9 dans la location des engins aux entreprises ; et de constituer de la ressource mat\u00e9rielle pour la r\u00e9alisation de ses propres travaux dans le secteur du BTP. Avec la r\u00e9forme intervenue en 2015, c\u2019est un nouveau souffle qui avait \u00e9t\u00e9 ainsi donn\u00e9 \u00e0 cette entreprise \u00e9tatique qui a \u00e9t\u00e9 \u00e0 l\u2019agonie pendant plusieurs ann\u00e9es, \u00e0 cause de la r\u00e9duction de son parc \u00e0 mat\u00e9riel, du fait d\u2019un d\u00e9ficit de maintenance. Car, elle peut d\u00e9sormais postuler pour la r\u00e9alisation de march\u00e9s dans le secteur du BTP dans le pays.<\/p>\n<div class=\"about-author about-author-box container-wrapper\">\n<div class=\"author-avatar\">\n<p><img decoding=\"async\" src=\"http:\/\/\" alt=\"\"\/><\/p>\n<\/div>\n<p><h4>La R\u00e9daction EcoMatin<\/h4>\n<\/p>\n<\/div>\n<div class=\"awac-wrapper awac widget blog_subscription-2\">\n<h4 class=\"widget-title\">Abonnez-vous \u00e0 notre lettre d&rsquo;information<\/h4>\n<\/div>\n<p>Auteur: EcoMatin<br \/>\n<a href=\"https:\/\/ecomatin.net\/crise-manageriale-nganou-djoumessi-en-sapeur-pompier-au-matgenie\/\">Cliquez ici pour lire l&rsquo;article depuis sa source.<\/a><\/p>\n","protected":false},"excerpt":{"rendered":"<p>C\u2019est une situation de conflit ouvert qui r\u00e8gne au sein du top management du Parc national du mat\u00e9riel de g\u00e9nie-civil (Matg\u00e9nie). Le climat social, apprend-on de source bien inform\u00e9e, est aussi d\u00e9l\u00e9t\u00e8re que le directeur g\u00e9n\u00e9ral, D\u00e9sir\u00e9 Abogo Ntang, le pr\u00e9sident du conseil d\u2019administration, Jean Roland Daniel Ebo, tous nomm\u00e9s \u00e0 la faveur du d\u00e9cret [&hellip;]<\/p>\n","protected":false},"author":1969,"featured_media":0,"comment_status":"closed","ping_status":"closed","sticky":false,"template":"","format":"standard","meta":{"fifu_image_url":"","fifu_image_alt":"","footnotes":""},"categories":[82,78],"tags":[],"class_list":["post-37620","post","type-post","status-publish","format-standard","hentry","category-cameroun","category-economie"],"_links":{"self":[{"href":"https:\/\/linitiative.ca\/International\/wp-json\/wp\/v2\/posts\/37620","targetHints":{"allow":["GET"]}}],"collection":[{"href":"https:\/\/linitiative.ca\/International\/wp-json\/wp\/v2\/posts"}],"about":[{"href":"https:\/\/linitiative.ca\/International\/wp-json\/wp\/v2\/types\/post"}],"author":[{"embeddable":true,"href":"https:\/\/linitiative.ca\/International\/wp-json\/wp\/v2\/users\/1969"}],"replies":[{"embeddable":true,"href":"https:\/\/linitiative.ca\/International\/wp-json\/wp\/v2\/comments?post=37620"}],"version-history":[{"count":0,"href":"https:\/\/linitiative.ca\/International\/wp-json\/wp\/v2\/posts\/37620\/revisions"}],"wp:attachment":[{"href":"https:\/\/linitiative.ca\/International\/wp-json\/wp\/v2\/media?parent=37620"}],"wp:term":[{"taxonomy":"category","embeddable":true,"href":"https:\/\/linitiative.ca\/International\/wp-json\/wp\/v2\/categories?post=37620"},{"taxonomy":"post_tag","embeddable":true,"href":"https:\/\/linitiative.ca\/International\/wp-json\/wp\/v2\/tags?post=37620"}],"curies":[{"name":"wp","href":"https:\/\/api.w.org\/{rel}","templated":true}]}}