{"id":37621,"date":"2019-05-29T13:39:09","date_gmt":"2019-05-29T17:39:09","guid":{"rendered":"https:\/\/linitiative.ca\/International\/letat-ouvre-le-capital-de-camtel-aux-prives\/"},"modified":"2019-05-29T13:39:09","modified_gmt":"2019-05-29T17:39:09","slug":"letat-ouvre-le-capital-de-camtel-aux-prives","status":"publish","type":"post","link":"https:\/\/linitiative.ca\/International\/letat-ouvre-le-capital-de-camtel-aux-prives\/","title":{"rendered":"L\u2019Etat ouvre le Capital de Camtel aux priv\u00e9s"},"content":{"rendered":"<div class=\"featured-area featured-area-inner\"><img loading=\"lazy\" decoding=\"async\" width=\"592\" height=\"296\" src=\"https:\/\/i0.wp.com\/ecomatin.net\/wp-content\/uploads\/2019\/05\/ecomatin.net-letat-ouvre-le-capital-de-camtel-aux-prives-camtel.jpg?resize=592%2C296&#038;ssl=1&#038;is-pending-load=1\" class=\"attachment-jannah-image-post size-jannah-image-post wp-post-image jetpack-lazy-image\" alt=\"\" data-attachment-id=\"8652\" data-permalink=\"https:\/\/ecomatin.net\/letat-ouvre-le-capital-de-camtel-aux-prives\/camtel-3\/\" data-orig-file=\"https:\/\/i0.wp.com\/ecomatin.net\/wp-content\/uploads\/2019\/05\/ecomatin.net-letat-ouvre-le-capital-de-camtel-aux-prives-camtel.jpg?fit=592%2C296&#038;ssl=1\" data-orig-size=\"592,296\" data-comments-opened=\"0\" data-image-meta=\"{\"aperture\":\"0\",\"credit\":\"\",\"camera\":\"\",\"caption\":\"\",\"created_timestamp\":\"0\",\"copyright\":\"\",\"focal_length\":\"0\",\"iso\":\"0\",\"shutter_speed\":\"0\",\"title\":\"\",\"orientation\":\"0\"}\" data-image-title=\"Camtel\" data-image-description=\"\" data-medium-file=\"https:\/\/i0.wp.com\/ecomatin.net\/wp-content\/uploads\/2019\/05\/ecomatin.net-letat-ouvre-le-capital-de-camtel-aux-prives-camtel.jpg?fit=300%2C150&#038;ssl=1\" data-large-file=\"https:\/\/i0.wp.com\/ecomatin.net\/wp-content\/uploads\/2019\/05\/ecomatin.net-letat-ouvre-le-capital-de-camtel-aux-prives-camtel.jpg?fit=592%2C296&#038;ssl=1\" data-lazy-srcset=\"https:\/\/i0.wp.com\/ecomatin.net\/wp-content\/uploads\/2019\/05\/ecomatin.net-letat-ouvre-le-capital-de-camtel-aux-prives-camtel.jpg?w=592&#038;ssl=1 592w, https:\/\/i0.wp.com\/ecomatin.net\/wp-content\/uploads\/2019\/05\/ecomatin.net-letat-ouvre-le-capital-de-camtel-aux-prives-camtel.jpg?resize=300%2C150&#038;ssl=1 300w\" data-lazy-sizes=\"(max-width: 592px) 100vw, 592px\" srcset=\"data:image\/gif;base64,R0lGODlhAQABAIAAAAAAAP\/\/\/yH5BAEAAAAALAAAAAABAAEAAAIBRAA7\"\/><\/div>\n<div class=\"entry-content entry clearfix\" readability=\"57\">\n<p>L\u2019une des principales innovations apport\u00e9es par cette r\u00e9forme est la possibilit\u00e9 d\u2019ouvrir aux op\u00e9rateurs priv\u00e9s et autres entit\u00e9s publiques, le capital social de cette entreprise, actuellement contr\u00f4l\u00e9 \u00e0 100 % par l\u2019\u00c9tat du Cameroun. \u00ab\u2009<em>Les statuts de Camtel pr\u00e9voient les modalit\u00e9s de participation au capital social<\/em>\u2009\u00bb, pr\u00e9cise le d\u00e9cret pr\u00e9sidentiel.<\/p>\n<p>Pour rappel, Camtel est n\u00e9 en 1998 de la transformation de la direction des t\u00e9l\u00e9communications (minist\u00e8re des postes et t\u00e9l\u00e9communications) en soci\u00e9t\u00e9 anonyme \u00e0 laquelle s\u2019ajouta <strong>l\u2019entreprise publique Intelcam<\/strong>, alors responsable des communications t\u00e9l\u00e9phoniques internationales.<br \/>En clair, il est d\u00e9sormais possible que des op\u00e9rateurs t\u00e9l\u00e9coms de renom, qui ont toujours d\u00e9nonc\u00e9 le monopole accord\u00e9 \u00e0 Camtel sur la gestion de la fibre optique, par exemple, b\u00e9n\u00e9ficient \u00e9galement du dividende de cette exclusivit\u00e9, en int\u00e9grant le capital de cette entreprise publique.<\/p>\n<p>Cette r\u00e9alit\u00e9 est d\u00e9j\u00e0 observ\u00e9e dans le secteur des hydrocarbures, o\u00f9 des marketeurs priv\u00e9s participent, par exemple, au capital de l\u2019unique raffinerie du pays (Sonara) ou encore de celui de la soci\u00e9t\u00e9 publique de stockage des produits p\u00e9troliers raffin\u00e9s (SCDP).<\/p>\n<div class=\"awac-wrapper awac widget blog_subscription-2\">\n<h4 class=\"widget-title\">Abonnez-vous \u00e0 notre lettre d&rsquo;information<\/h4>\n<\/div>\n<\/div>\n<div class=\"toggle-post-content clearfix\"><a id=\"toggle-post-button\" class=\"button\" href=\"#\">Afficher plus <\/a><\/div>\n<p>Auteur: Emile FIDIECK<br \/>\n<a href=\"https:\/\/ecomatin.net\/letat-ouvre-le-capital-de-camtel-aux-prives\/\">Cliquez ici pour lire l&rsquo;article depuis sa source.<\/a><\/p>\n","protected":false},"excerpt":{"rendered":"<p>L\u2019une des principales innovations apport\u00e9es par cette r\u00e9forme est la possibilit\u00e9 d\u2019ouvrir aux op\u00e9rateurs priv\u00e9s et autres entit\u00e9s publiques, le capital social de cette entreprise, actuellement contr\u00f4l\u00e9 \u00e0 100 % par l\u2019\u00c9tat du Cameroun. \u00ab\u2009Les statuts de Camtel pr\u00e9voient les modalit\u00e9s de participation au capital social\u2009\u00bb, pr\u00e9cise le d\u00e9cret pr\u00e9sidentiel. Pour rappel, Camtel est n\u00e9 [&hellip;]<\/p>\n","protected":false},"author":1969,"featured_media":0,"comment_status":"closed","ping_status":"closed","sticky":false,"template":"","format":"standard","meta":{"fifu_image_url":"","fifu_image_alt":"","footnotes":""},"categories":[82,78],"tags":[],"class_list":["post-37621","post","type-post","status-publish","format-standard","hentry","category-cameroun","category-economie"],"_links":{"self":[{"href":"https:\/\/linitiative.ca\/International\/wp-json\/wp\/v2\/posts\/37621","targetHints":{"allow":["GET"]}}],"collection":[{"href":"https:\/\/linitiative.ca\/International\/wp-json\/wp\/v2\/posts"}],"about":[{"href":"https:\/\/linitiative.ca\/International\/wp-json\/wp\/v2\/types\/post"}],"author":[{"embeddable":true,"href":"https:\/\/linitiative.ca\/International\/wp-json\/wp\/v2\/users\/1969"}],"replies":[{"embeddable":true,"href":"https:\/\/linitiative.ca\/International\/wp-json\/wp\/v2\/comments?post=37621"}],"version-history":[{"count":0,"href":"https:\/\/linitiative.ca\/International\/wp-json\/wp\/v2\/posts\/37621\/revisions"}],"wp:attachment":[{"href":"https:\/\/linitiative.ca\/International\/wp-json\/wp\/v2\/media?parent=37621"}],"wp:term":[{"taxonomy":"category","embeddable":true,"href":"https:\/\/linitiative.ca\/International\/wp-json\/wp\/v2\/categories?post=37621"},{"taxonomy":"post_tag","embeddable":true,"href":"https:\/\/linitiative.ca\/International\/wp-json\/wp\/v2\/tags?post=37621"}],"curies":[{"name":"wp","href":"https:\/\/api.w.org\/{rel}","templated":true}]}}