{"id":37622,"date":"2019-05-29T13:44:51","date_gmt":"2019-05-29T17:44:51","guid":{"rendered":"https:\/\/linitiative.ca\/International\/assurance-le-taux-de-penetration-en-dessous-de-2-au-cameroun\/"},"modified":"2019-05-29T13:44:51","modified_gmt":"2019-05-29T17:44:51","slug":"assurance-le-taux-de-penetration-en-dessous-de-2-au-cameroun","status":"publish","type":"post","link":"https:\/\/linitiative.ca\/International\/assurance-le-taux-de-penetration-en-dessous-de-2-au-cameroun\/","title":{"rendered":"Assurance: le taux de p\u00e9n\u00e9tration en dessous de 2% au Cameroun"},"content":{"rendered":"<p>Le chiffre d\u2019affaire du march\u00e9 des assurances au Cameroun a certes cr\u00fb ces cinq derni\u00e8res ann\u00e9es passant de <strong>161 milliards F<\/strong> en 2013 \u00e0 <strong>205 milliards<\/strong> en 2018. Mais son taux de p\u00e9n\u00e9tration reste en dessous de <strong>2%<\/strong>. Cela s\u2019explique selon <strong>Th\u00e9ophile G\u00e9rard Moulong<\/strong>, directeur g\u00e9n\u00e9ral de <strong>Saham Assurances<\/strong>, pr\u00e9sident de l\u2019Association des soci\u00e9t\u00e9s d\u2019assurance du Cameroun (<strong>ASAC<\/strong>), primo par le manque de culture des populations.<\/p>\n<p>De son point de vue, la culture d\u2019assurance est embryonnaire, voire inexistante. A ce faible taux de p\u00e9n\u00e9tration il ajoute un taux de non-assurance tr\u00e8s \u00e9lev\u00e9, m\u00eame pour des risques obligatoires comme la responsabilit\u00e9 civile automobile. Le pr\u00e9sident de l\u2019ASAC note que <strong>40% de v\u00e9hicules<\/strong> ne sont pas assur\u00e9s. Et ce chiffre peut avoisiner le double dans les r\u00e9gions, principalement hors des grandes villes. Secundo, le pr\u00e9sident de l\u2019ASAC note des manquements de la part des assureurs qui n\u2019ont pas toujours jou\u00e9 leur r\u00f4le d\u2019indemnisateur de sinistres lorsqu\u2019il le fallait. Cela a contribu\u00e9 \u00e0 d\u00e9courager les souscripteurs ou \u00e0 propager une mauvaise image de l\u2019assureur.<\/p>\n<p>C\u2019est tout l\u2019enjeu de la deuxi\u00e8me \u00e9dition des Journ\u00e9es de l\u2019assurance qui se tiennent depuis ce 29 mai 2019 \u00e0 Douala jusqu\u2019au 1er juin prochain. L\u2019Association a choisi pour th\u00e8me \u00ab\u00a0<em>S\u2019assurer avant l\u2019accident\u00a0<\/em>\u00bb. L\u2019objectif est de vulgariser l\u2019assurance, de sensibiliser le public \u00e0 la n\u00e9cessit\u00e9 de s\u2019assurer. Th\u00e9ophile G\u00e9rard Moulong, pr\u00e9sident de l\u2019Asac et les acteurs du secteur veulent surtout faire comprendre aux 15\u00a0000 visiteurs que \u00ab<em>\u00a0l\u2019assurance est un outil de premi\u00e8re n\u00e9cessit\u00e9 au m\u00eame titre que le t\u00e9l\u00e9phone portable\u00a0<\/em>\u00bb.<\/p>\n<p>A cette occasion sont pr\u00e9vues des conf\u00e9rences-d\u00e9bats, des foires, caravanes. Pr\u00e9lude aux journ\u00e9es de l\u2019assurance, une conf\u00e9rence s\u2019est d\u00e9roul\u00e9e le 24 mai 2019 \u00e0 l\u2019Institut des relations internationales du Cameroun. L\u00e0 le pr\u00e9sident de l\u2019Asac a insist\u00e9 sur le montant des sinistres pay\u00e9s par les assureurs au Cameroun. Il est pass\u00e9 de <strong>41 milliards FCFA<\/strong> en 2013 \u00e0 <strong>83,4 milliards FCFA<\/strong> lors de l\u2019exercice 2017.<\/p>\n<p>D\u2019apr\u00e8s l\u2019Asac, le montant global des placements de compagnies d\u2019assurance se situait \u00e0 <strong>370,8 milliards FCFA<\/strong> en 2018 soit l\u2019\u00e9quivalent de <strong>2,1%<\/strong> du PIB. C\u2019est le r\u00e9sultat des efforts consentis par la trentaine d\u2019assurance et de r\u00e9assurance que compte le march\u00e9 camerounais. Sans oublier l\u2019accompagnement des pouvoirs publics sur le plan fiscal.<\/p>\n<div class=\"awac-wrapper awac widget blog_subscription-2\">\n<h4 class=\"widget-title\">Abonnez-vous \u00e0 notre lettre d&rsquo;information<\/h4>\n<\/div>\n<p>Auteur: Emile FIDIECK<br \/>\n<a href=\"https:\/\/ecomatin.net\/assurance-le-taux-de-penetration-en-dessous-de-2-au-cameroun\/\">Cliquez ici pour lire l&rsquo;article depuis sa source.<\/a><\/p>\n","protected":false},"excerpt":{"rendered":"<p>Le chiffre d\u2019affaire du march\u00e9 des assurances au Cameroun a certes cr\u00fb ces cinq derni\u00e8res ann\u00e9es passant de 161 milliards F en 2013 \u00e0 205 milliards en 2018. Mais son taux de p\u00e9n\u00e9tration reste en dessous de 2%. Cela s\u2019explique selon Th\u00e9ophile G\u00e9rard Moulong, directeur g\u00e9n\u00e9ral de Saham Assurances, pr\u00e9sident de l\u2019Association des soci\u00e9t\u00e9s d\u2019assurance [&hellip;]<\/p>\n","protected":false},"author":1969,"featured_media":0,"comment_status":"closed","ping_status":"closed","sticky":false,"template":"","format":"standard","meta":{"fifu_image_url":"","fifu_image_alt":"","footnotes":""},"categories":[82,78],"tags":[],"class_list":["post-37622","post","type-post","status-publish","format-standard","hentry","category-cameroun","category-economie"],"_links":{"self":[{"href":"https:\/\/linitiative.ca\/International\/wp-json\/wp\/v2\/posts\/37622","targetHints":{"allow":["GET"]}}],"collection":[{"href":"https:\/\/linitiative.ca\/International\/wp-json\/wp\/v2\/posts"}],"about":[{"href":"https:\/\/linitiative.ca\/International\/wp-json\/wp\/v2\/types\/post"}],"author":[{"embeddable":true,"href":"https:\/\/linitiative.ca\/International\/wp-json\/wp\/v2\/users\/1969"}],"replies":[{"embeddable":true,"href":"https:\/\/linitiative.ca\/International\/wp-json\/wp\/v2\/comments?post=37622"}],"version-history":[{"count":0,"href":"https:\/\/linitiative.ca\/International\/wp-json\/wp\/v2\/posts\/37622\/revisions"}],"wp:attachment":[{"href":"https:\/\/linitiative.ca\/International\/wp-json\/wp\/v2\/media?parent=37622"}],"wp:term":[{"taxonomy":"category","embeddable":true,"href":"https:\/\/linitiative.ca\/International\/wp-json\/wp\/v2\/categories?post=37622"},{"taxonomy":"post_tag","embeddable":true,"href":"https:\/\/linitiative.ca\/International\/wp-json\/wp\/v2\/tags?post=37622"}],"curies":[{"name":"wp","href":"https:\/\/api.w.org\/{rel}","templated":true}]}}