{"id":37693,"date":"2019-05-30T15:14:02","date_gmt":"2019-05-30T19:14:02","guid":{"rendered":"https:\/\/linitiative.ca\/International\/ligue-1-2-jsk-boukhanchouche-officiellement-maintenu\/"},"modified":"2019-05-30T15:14:02","modified_gmt":"2019-05-30T19:14:02","slug":"ligue-1-2-jsk-boukhanchouche-officiellement-maintenu","status":"publish","type":"post","link":"https:\/\/linitiative.ca\/International\/ligue-1-2-jsk-boukhanchouche-officiellement-maintenu\/","title":{"rendered":"Ligue 1 &amp; 2 : JSK : Boukhanchouche officiellement maintenu"},"content":{"rendered":"<p>C\u2019est les vacances, apr\u00e8s une saison pleine durant laquelle la JSK est parvenue \u00e0 finir \u00e0 la deuxi\u00e8me place et \u00e0 assurer une participation \u00e0 la prochaine \u00e9dition de la Ligue des Champions, la direction et avant de lib\u00e9rer les joueurs pour un mois de cong\u00e9, a d\u00e9cid\u00e9 d\u2019organiser un diner de reconnaissance envers toute personne ayant particip\u00e9 au retour en force de l\u2019\u00e9quipe. Et comme les co\u00e9quipiers de Salhi pourront profiter du soleil puisque la reprise a \u00e9t\u00e9 fix\u00e9e pour le 29 juin, les dirigeants, de leur c\u00f4t\u00e9, n\u2019ont pas eu le m\u00eame privil\u00e8ge du moment qu\u2019ils doivent s\u2019activer pour boucler rapidement le recrutement. D\u2019ailleurs, d\u2019ici quelques jours, la JSK devrait annoncer les noms des nouvelles recrues. Cependant, il faudrait aussi \u00e9tablir la liste des \u00e9l\u00e9ments qui ne seront pas maintenus. Apr\u00e8s Uche et Kabari, au moins trois autres joueurs connaitront le m\u00eame sort sans parler de Chetti et Fiston, lesquels pourraient \u00e9voluer en Europe, la saison prochaine. Mais hier, en d\u00e9but de matin\u00e9e, nous avons eu une information \u00e0 laquelle on ne s\u2019attendait pas. En effet, il s\u2019agit de l\u2019avenir du milieu de terrain, Salim Boukhanchouche. Pr\u00eat\u00e9 pour six mois au MOB, le natif de Merouana n\u2019a finalement jou\u00e9 que quatre mois avant de r\u00e9silier son contrat, lui qui ne se sentait pas \u00e0 l\u2019aise avec le club b\u00e9jaoui. Devant cette situation, tout le monde attendait \u00e0 ce qu\u2019il soit convoqu\u00e9 par Mellal pour0 r\u00e9silier son contrat. Cependant, ce qui s\u2019est pass\u00e9 est totalement diff\u00e9rent, puisque selon une source officielle, Boukhanchouche ne quittera pas la JSK, cet \u00e9t\u00e9. Il sera officiellement maintenu dans l\u2019effectif. La d\u00e9cision a \u00e9t\u00e9 prise apr\u00e8s m\u00fbre r\u00e9flexion. Les dirigeants estiment que le milieu de terrain a le niveau pour d\u00e9fendre les couleurs du club et apporter un plus la saison prochaine.<br \/><strong>Une valeur s\u00fbre, pas question de le brader<\/strong><br \/>Il est vrai que Boukhanchouche n\u2019a pas vraiment apport\u00e9 le plus escompt\u00e9 durant la phase aller puisqu\u2019il n\u2019\u00e9tait pas vraiment concentr\u00e9, notamment apr\u00e8s l\u2019offre du club \u00e9mirati d\u2019El Fuja\u00efrah. Et c\u2019est \u00e0 cause de ce contact qu\u2019il avait d\u00e9cid\u00e9 de partir, lui qui s\u2019est senti bloqu\u00e9. Mais la direction du club a toujours \u00e9t\u00e9 contre le fait de le brader. Le coach Dumas n\u2019a \u00e0 aucun moment d\u00e9cid\u00e9 de le lib\u00e9rer, lui qui a toujours dit : \u00ab J\u2019aime les joueurs avec un caract\u00e8re tremp\u00e9 \u00bb. Et d\u00e8s que la saison s\u2019est termin\u00e9e, sans perdre de temps, la direction d\u00e9cide de lui donner une deuxi\u00e8me chance.<br \/><strong>Il s\u2019est r\u00e9uni avec Mellal et Dumas, la direction d\u2019accord pour le garder<\/strong><br \/>A la veille de la rencontre NAHD-JSK, les responsables de la JSK avaient tenus une r\u00e9union avec Salim Boukhanchouche lequel a \u00e9t\u00e9 invit\u00e9 \u00e0 discuter avec les responsables dans un h\u00f4tel \u00e0 Alger. En effet, le milieu de terrain a eu une longue discussion avec le pr\u00e9sident Mellal ainsi qu\u2019un dirigeant proche du club. Ces derniers lui ont propos\u00e9 l\u2019id\u00e9e de revenir et de d\u00e9fendre \u00e0 fond le maillot du club. Une d\u00e9cision qui a fait \u00e9norm\u00e9ment plaisir au joueur lequel n\u2019avait qu\u2019\u00e0 donner son accord et d\u2019arr\u00eater de penser n\u00e9gativement. Il a \u00e9t\u00e9 m\u00eame invit\u00e9 \u00e0 assister au match NAHD \u2013 JSK au 20-Ao\u00fbt. Le lendemain matin, Boukhanchouche a \u00e9t\u00e9 contact\u00e9 par les dirigeants afin de rallier Tizi Ouzou. Le joueur qui s\u2019est d\u00e9plac\u00e9 \u00e0 la ville des Gen\u00eats, a eu une longue discussion avec Franck Dumas lequel lui a expliqu\u00e9 qu\u2019il souhaiterait le r\u00e9cup\u00e9rer et compter sur lui la saison prochaine.<br \/><strong>Il devrait prolonger son contrat d\u2019une ann\u00e9e<\/strong><br \/>Si la direction de la JSK souhaite r\u00e9cup\u00e9rer Boukhanchouche, c\u2019est pour lui donner une chance de relancer sa carri\u00e8re et de prouver qu\u2019il est capable de faire la diff\u00e9rence. Mais avant de le r\u00e9int\u00e9grer, le pr\u00e9sident Mellal lui a exig\u00e9 de prolonger son bail d\u2019une ann\u00e9e. Alors qu\u2019il est d\u00e9j\u00e0 sous contrat jusqu\u2019en 2020, il devrait le prolonger jusqu\u2019en 2021.<\/p>\n<p>&#8212;&#8212;&#8212;&#8212;&#8212;&#8212;&#8212;<\/p>\n<p><strong>Boukhanchouche : \u00abJ\u2019ai une dette envers les supporters\u00bb<\/strong><br \/><strong>Saha ftourek, quelles sont vos nouvelles ?<\/strong><br \/>Je vais bien, merci. Je suis en vacances, donc je passe mon temps entour\u00e9 de mes proches en ce mois de Ramadhan.<\/p>\n<p><strong>Vous avez r\u00e9sili\u00e9 votre contrat avec le MOB, peut-on savoir pourquoi ?<\/strong><br \/>C\u2019est simple, je n\u2019ai pas pu m\u2019adapter. J\u2019ai eu des soucis et je ne pouvais plus continuer \u00e0 jouer. Du coup, j\u2019ai pr\u00e9f\u00e9r\u00e9 partir et attendre la fin de saison pour discuter avec la JSK \u00e0 propos de mon avenir.<\/p>\n<p><strong>Justement, nous avons appris que vous avez \u00e9t\u00e9 contact\u00e9 par la direction, confirmez-vous l\u2019information ?<\/strong><br \/>Oui, c\u2019est vrai. Il y a quelques jours, le pr\u00e9sident Mellal m\u2019a appel\u00e9. Il m\u2019a demand\u00e9 de venir le voir dans un h\u00f4tel \u00e0 Alger. San h\u00e9sitation, j\u2019ai accept\u00e9. Je me suis d\u00e9plac\u00e9 et je l\u2019ai rencontr\u00e9. Nous avons discut\u00e9 durant plusieurs minutes o\u00f9 nous avons \u00e9voqu\u00e9 mon avenir.<\/p>\n<p><strong>Soyez plus explicite\u2026<\/strong><br \/>Lorsque j\u2019ai rencontr\u00e9 Mellal, il m\u2019a directement demand\u00e9 de revenir \u00e0 la JSK. Selon lui, je n\u2019ai jamais eu de probl\u00e8me avec qui que ce soit et que j\u2019ai laiss\u00e9 ma place propre. Il m\u2019a donn\u00e9 l\u2019impression qu\u2019il voulait vraiment de moi \u00e0 la JSK. Sinc\u00e8rement, je n\u2019attendais pas \u00e0 un tel accueil. Lorsqu\u2019il m\u2019a appel\u00e9, je me suis dit que c\u2019\u00e9tait peut-\u00eatre pour me donner ma lettre de lib\u00e9ration. Au final, c\u2019\u00e9tait vraiment pour me demander si je voulais vraiment revenir.<\/p>\n<p><strong>Quelle a \u00e9t\u00e9 votre r\u00e9ponse ?<\/strong><br \/>Je suis quelqu\u2019un qui croit en Dieu. Je lui ai dit clairement que je suis sous contrat et que le dernier mot revient \u00e0 la direction. Autrement dit, s\u2019ils souhaitent que je reste, je resterai sinon j\u2019irais chercher un autre club.<\/p>\n<p><strong>Et finalement, vous avez d\u00e9cid\u00e9 quoi ?<\/strong><br \/>Croyez-moi, je sais que je ne trouverais jamais mieux que la JSK. Je n\u2019aurais jamais d\u00fb quitter le club. Il est vrai qu\u2019il y a eu des probl\u00e8mes et j\u2019assume une grande part de responsabilit\u00e9. On a eu des diff\u00e9rends, notamment apr\u00e8s l\u2019offre d\u2019El Fuja\u00efrah. Je crois que je n\u2019\u00e9tais pas vraiment m\u00fbr. Je ne devais pas r\u00e9agir de la sorte. Je tiens aussi \u00e0 dire que la direction n\u2019a pas \u00e9t\u00e9 vraiment tendre avec moi. Aujourd\u2019hui, je regrette ce qui s\u2019est pass\u00e9 et je suis pr\u00eat \u00e0 ouvrir une nouvelle page.<\/p>\n<p><strong>Et par la suite, qu\u2019avez-vous fait ?<\/strong><br \/>Apr\u00e8s mon entrevue avec Mellal, il m\u2019a demand\u00e9 de venir assister au match NAHD-JSK et j\u2019ai accept\u00e9. J\u2019ai suivi une grande partie de la rencontre avant de quitter le stade. Le lendemain, on m\u2019a appel\u00e9 pour me demander de me rendre \u00e0 Tizi Ouzou. Je n\u2019ai pas h\u00e9sit\u00e9, j\u2019ai encore une fois rencontr\u00e9 les dirigeants avant de m\u2019entretenir durant plus d\u2019une heure avec le coach Franck Dumas.<\/p>\n<p><strong>Qu\u2019est-ce qu\u2019il vous a dit ?<\/strong><br \/>Il a \u00e9t\u00e9 clair avec moi, il m\u2019a fait savoir qu\u2019il aurait aim\u00e9 compter sur moi et que je n\u2019avais pas \u00e0 me comporter de la sorte. Je lui ai aussi fait savoir que j\u2019assume la plus grande part de responsabilit\u00e9. Par la suite, il n\u2019a pas arr\u00eat\u00e9 de me donner des conseils et me dire que je suis quelqu\u2019un qui joue bien au ballon. Il m\u2019a m\u00eame dit que la JSK aurait remport\u00e9 le titre si j\u2019avais \u00e9t\u00e9 pr\u00e9sent. Croyez-moi, \u00e7a m\u2019a fait un tr\u00e8s grand plaisir.<\/p>\n<p><strong>Si on comprend bien, vous \u00eates officiellement de retour\u2026<\/strong><br \/>Dans ma t\u00eate, oui, je suis officiellement de retour. Le discours de la direction m\u2019a \u00e9norm\u00e9ment rassur\u00e9. Je ne sais pas si vous allez me croire, mais je suis tr\u00e8s motiv\u00e9. Je veux bien r\u00e9ussir mon passage \u00e0 la JSK. Je suis quelqu\u2019un de timide qui ne s\u2019exprime pas bien, mais je vais tout donner sur le terrain et prouver que je ne suis pas fini. On m\u2019a m\u00eame propos\u00e9 de prolonger mon contrat d\u2019une ann\u00e9e, je crois que je vais accepter.<\/p>\n<p><strong>Comment vous sentez-vous sur le plan physique ?<\/strong><br \/>Je me sens bien, m\u00eame si j\u2019ai r\u00e9sili\u00e9 mon contrat avec le MOB, je ne suis pas rest\u00e9 sans comp\u00e9tition. Je m\u2019entra\u00eene r\u00e9guli\u00e8rement. Je veux vraiment r\u00e9ussir, j\u2019ai \u00e9norm\u00e9ment m\u00fbri, croyez-moi.<\/p>\n<p><strong>Pensez-vous pouvoir vraiment apporter un plus \u00e0 l\u2019\u00e9quipe ?<\/strong><br \/>Oui, cette fois-ci, je suis confiant, je sais que je peux vraiment faire la diff\u00e9rence. Il suffit juste de me faire confiance et de compter sur moi. Je suis un joueur qui peut faire la diff\u00e9rence mais pas avant qu\u2019on me fasse confiance.<\/p>\n<p><strong>Que pensez-vous du parcours r\u00e9alis\u00e9 cette saison ?<\/strong><br \/>Un parcours honorable, personne ne s\u2019attendait \u00e0 une telle performance. En d\u00e9but de saison, certains pensaient qu\u2019on allait jouer la rel\u00e9gation, mais au final, les joueurs ont relev\u00e9 un tr\u00e8s grand d\u00e9fi. Aujourd\u2019hui, l\u2019\u00e9quipe retrouve la comp\u00e9tition africaine, c\u2019est un grand plaisir.<\/p>\n<p><strong>Qu\u2019avez-vous \u00e0 dire aux supporters ?<\/strong><br \/>J\u2019ai une dette envers eux, je n\u2019ai pas fait ce que je devais faire. Je vais revenir pour m\u2019imposer et apporter un plus \u00e0 l\u2019\u00e9quipe. Je promets \u00e0 tout le monde que je vais revenir en force et prouver que je suis un \u00e9l\u00e9ment qui peut faire basculer n\u2019importe quel match.<br \/>\u00a0<\/p>\n<p><strong>Publi\u00e9 dans :<\/strong> <span>Mellal<\/span> <span>Boukhanchouche<\/span> <span>Chetti<\/span> <span>Uche et Kabari<\/span><\/p>\n<p>Auteur:<br \/>\n<a href=\"http:\/\/www.lebuteur.com\/article\/detail?titre=jsk-boukhanchouche-officiellement-maintenu&#038;id=89211&#038;utm_source=feedburner&#038;utm_medium=feed&#038;utm_campaign=Feed%3A+GalerieFArtciles+%28Les+derniers+articles++-+lebuteur.com%29\">Cliquez ici pour lire l&rsquo;article depuis sa source.<\/a><\/p>\n","protected":false},"excerpt":{"rendered":"<p>C\u2019est les vacances, apr\u00e8s une saison pleine durant laquelle la JSK est parvenue \u00e0 finir \u00e0 la deuxi\u00e8me place et \u00e0 assurer une participation \u00e0 la prochaine \u00e9dition de la Ligue des Champions, la direction et avant de lib\u00e9rer les joueurs pour un mois de cong\u00e9, a d\u00e9cid\u00e9 d\u2019organiser un diner de reconnaissance envers toute [&hellip;]<\/p>\n","protected":false},"author":1738,"featured_media":37694,"comment_status":"closed","ping_status":"closed","sticky":false,"template":"","format":"standard","meta":{"fifu_image_url":"","fifu_image_alt":"","footnotes":""},"categories":[53,75],"tags":[],"class_list":["post-37693","post","type-post","status-publish","format-standard","has-post-thumbnail","hentry","category-algerie","category-sport"],"_links":{"self":[{"href":"https:\/\/linitiative.ca\/International\/wp-json\/wp\/v2\/posts\/37693","targetHints":{"allow":["GET"]}}],"collection":[{"href":"https:\/\/linitiative.ca\/International\/wp-json\/wp\/v2\/posts"}],"about":[{"href":"https:\/\/linitiative.ca\/International\/wp-json\/wp\/v2\/types\/post"}],"author":[{"embeddable":true,"href":"https:\/\/linitiative.ca\/International\/wp-json\/wp\/v2\/users\/1738"}],"replies":[{"embeddable":true,"href":"https:\/\/linitiative.ca\/International\/wp-json\/wp\/v2\/comments?post=37693"}],"version-history":[{"count":0,"href":"https:\/\/linitiative.ca\/International\/wp-json\/wp\/v2\/posts\/37693\/revisions"}],"wp:featuredmedia":[{"embeddable":true,"href":"https:\/\/linitiative.ca\/International\/wp-json\/"}],"wp:attachment":[{"href":"https:\/\/linitiative.ca\/International\/wp-json\/wp\/v2\/media?parent=37693"}],"wp:term":[{"taxonomy":"category","embeddable":true,"href":"https:\/\/linitiative.ca\/International\/wp-json\/wp\/v2\/categories?post=37693"},{"taxonomy":"post_tag","embeddable":true,"href":"https:\/\/linitiative.ca\/International\/wp-json\/wp\/v2\/tags?post=37693"}],"curies":[{"name":"wp","href":"https:\/\/api.w.org\/{rel}","templated":true}]}}