{"id":37695,"date":"2019-05-30T15:14:04","date_gmt":"2019-05-30T19:14:04","guid":{"rendered":"https:\/\/linitiative.ca\/International\/equipe-dalgerie-tahrat-mesloub-et-abeid-saffrontent-ce-soir-au-stade-bollaert\/"},"modified":"2019-05-30T15:14:04","modified_gmt":"2019-05-30T19:14:04","slug":"equipe-dalgerie-tahrat-mesloub-et-abeid-saffrontent-ce-soir-au-stade-bollaert","status":"publish","type":"post","link":"https:\/\/linitiative.ca\/International\/equipe-dalgerie-tahrat-mesloub-et-abeid-saffrontent-ce-soir-au-stade-bollaert\/","title":{"rendered":"Equipe d&rsquo;Alg\u00e9rie : Tahrat, Mesloub et Abe\u00efd s\u2019affrontent ce soir au Stade Bollaert"},"content":{"rendered":"<div readability=\"32\">\n<p>Auteur : <span>R.O.<\/span> <span class=\"time\">jeudi 30 mai 2019 15:23<\/span><\/p>\n<\/div>\n<div id=\"post_core\" readability=\"75\">\n<p>Le RC Lens et Dijon s&rsquo;affronteront ce soir (19h45) dans un match aller comptant pour les barrages de la Ligue 1 Conforama. Le match, qui se jouera \u00e0 guichets ferm\u00e9s au Stade Bollaert, opposera Dijon, 18e de Ligue 1 in extremis, \u00e0 des Lensois tombeurs du Paris FC puis de Troyes. Ce match verra la participation de trois joueurs alg\u00e9riens. Du c\u00f4t\u00e9 lensois, Mehdi Tahrat est attendu titulaire dans le onze de Philippe Montanier. Walid Mesloub, quant \u00e0 lui, devrait, une nouvelle fois, d\u00e9buter la rencontrer sur le banc des rempla\u00e7ants. C\u00f4t\u00e9 dijonnais, Mehdi Abe\u00efd est incertain pour ce match : \u00abMehdi Abe\u00efd \u00e9tait en manque de comp\u00e9titions, mais il s\u2019entra\u00eene\u00bb, a d\u00e9clar\u00e9 le coach de Dijon, Antoine Kombouar\u00e9 \u00e0 propos de son joueur alg\u00e9rien. La question qui m\u00e9rite d\u2019\u00eatre pos\u00e9e actuellement est de savoir si Abe\u00efd sera pr\u00e9sent ou pas ce jeudi face au RC Lens. Il est \u00e0 noter que le match retour entre Dijon et le RC Lens se jouera au stade Gaston-G\u00e9rard le dimanche 2 juin \u00e0 19h.<br \/><strong>Tahrat, le roc, Mesloub, l\u2019exemple<\/strong><br \/>Dans un autre registre, et avant le match de ce soir, France Football a mis en avant les joueurs cl\u00e9s des Sang et Or. Parmi ce \u00absolide cinq majeurs\u00bb du RC Lens, on retrouve les deux joueurs alg\u00e9riens en l\u2019occurrence Mehdi Tahrat et Walid Mesloub : \u00abLe parcours de l\u2019international alg\u00e9rien n\u2019a vraiment rien d\u2019un long fleuve tranquille. Sorti du monde amateur \u00e0 vingt-deux ans gr\u00e2ce \u00e0 l\u2019\u0153il des recruteurs lillois, r\u00e9v\u00e9l\u00e9 au Paris FC, en \u00e9chec \u00e0 Angers pour sa seule exp\u00e9rience en L1\u2026Mehdi Tahrat a retrouv\u00e9 le Nord l\u2019\u00e9t\u00e9 dernier et r\u00e9alis\u00e9 une premi\u00e8re partie de saison extr\u00eamement convaincante avec le RC Lens. Avant de subir une rupture du ligament lat\u00e9ral interne du genou droit au mois de janvier. Dur. Mais le natif de Meudon est plut\u00f4t du genre \u00e0 forcer le destin, alors il est revenu aux affaires, vite et bien, pour aider son \u00e9quipe \u00e0 accrocher les playoffs. T\u00eate lev\u00e9e, buste droit, intimidant du haut de son 1,93m, Tahrat est instantan\u00e9ment redevenu le leader d\u00e9fensif des Sang et Or\u00bb, a pr\u00e9cis\u00e9 FF sur Tahrat, et d\u2019\u00e9voquer par la suite l\u2019autre joueur alg\u00e9rien du RC Lens, Mesloub : \u00abOn avait l\u2019impression de voir un gamin, vendredi dernier, au stade de l\u2019Aube, attendant f\u00e9brilement le coup de sifflet final, debout au bord du terrain, puis sprintant comme un fou vers ses partenaires et le kop lensois une fois la qualification ent\u00e9rin\u00e9e. Walid Mesloub donne le sentiment de savourer chaque instant de ce qui commence \u00e0 ressembler \u00e0 une \u00e9pop\u00e9e. Pourtant, il est un capitaine dont l\u2019influence sur le terrain s\u2019est nettement r\u00e9duite au fil de la saison. L\u2019heure de Mesloub (re) viendra peut-\u00eatre contre Dijon. En attendant, l\u2019esth\u00e9tique meneur de jeu ne laisse rien transpara\u00eetre de sa probable frustration personnelle.\u00bb<br \/>\u00a0<\/p>\n<p><strong>Publi\u00e9 dans :<\/strong> <span>Tahrat<\/span> <span>Mesloub et Abe\u00efd<\/span><\/p>\n<\/div>\n<p>Auteur:<br \/>\n<a href=\"http:\/\/www.lebuteur.com\/article\/detail?titre=tahrat-mesloub-et-abeid-saffrontent-ce-soir-au-stade-bollaert&#038;id=89210&#038;utm_source=feedburner&#038;utm_medium=feed&#038;utm_campaign=Feed%3A+GalerieFArtciles+%28Les+derniers+articles++-+lebuteur.com%29\">Cliquez ici pour lire l&rsquo;article depuis sa source.<\/a><\/p>\n","protected":false},"excerpt":{"rendered":"<p>Auteur : R.O. jeudi 30 mai 2019 15:23 Le RC Lens et Dijon s&rsquo;affronteront ce soir (19h45) dans un match aller comptant pour les barrages de la Ligue 1 Conforama. Le match, qui se jouera \u00e0 guichets ferm\u00e9s au Stade Bollaert, opposera Dijon, 18e de Ligue 1 in extremis, \u00e0 des Lensois tombeurs du Paris [&hellip;]<\/p>\n","protected":false},"author":1738,"featured_media":37696,"comment_status":"closed","ping_status":"closed","sticky":false,"template":"","format":"standard","meta":{"fifu_image_url":"","fifu_image_alt":"","footnotes":""},"categories":[53,75],"tags":[],"class_list":["post-37695","post","type-post","status-publish","format-standard","has-post-thumbnail","hentry","category-algerie","category-sport"],"_links":{"self":[{"href":"https:\/\/linitiative.ca\/International\/wp-json\/wp\/v2\/posts\/37695","targetHints":{"allow":["GET"]}}],"collection":[{"href":"https:\/\/linitiative.ca\/International\/wp-json\/wp\/v2\/posts"}],"about":[{"href":"https:\/\/linitiative.ca\/International\/wp-json\/wp\/v2\/types\/post"}],"author":[{"embeddable":true,"href":"https:\/\/linitiative.ca\/International\/wp-json\/wp\/v2\/users\/1738"}],"replies":[{"embeddable":true,"href":"https:\/\/linitiative.ca\/International\/wp-json\/wp\/v2\/comments?post=37695"}],"version-history":[{"count":0,"href":"https:\/\/linitiative.ca\/International\/wp-json\/wp\/v2\/posts\/37695\/revisions"}],"wp:featuredmedia":[{"embeddable":true,"href":"https:\/\/linitiative.ca\/International\/wp-json\/"}],"wp:attachment":[{"href":"https:\/\/linitiative.ca\/International\/wp-json\/wp\/v2\/media?parent=37695"}],"wp:term":[{"taxonomy":"category","embeddable":true,"href":"https:\/\/linitiative.ca\/International\/wp-json\/wp\/v2\/categories?post=37695"},{"taxonomy":"post_tag","embeddable":true,"href":"https:\/\/linitiative.ca\/International\/wp-json\/wp\/v2\/tags?post=37695"}],"curies":[{"name":"wp","href":"https:\/\/api.w.org\/{rel}","templated":true}]}}