{"id":37697,"date":"2019-05-30T15:14:06","date_gmt":"2019-05-30T19:14:06","guid":{"rendered":"https:\/\/linitiative.ca\/International\/equipe-dalgerie-selon-ff-le-psg-aurait-rencontre-lentourage-datal\/"},"modified":"2019-05-30T15:14:06","modified_gmt":"2019-05-30T19:14:06","slug":"equipe-dalgerie-selon-ff-le-psg-aurait-rencontre-lentourage-datal","status":"publish","type":"post","link":"https:\/\/linitiative.ca\/International\/equipe-dalgerie-selon-ff-le-psg-aurait-rencontre-lentourage-datal\/","title":{"rendered":"Equipe d&rsquo;Alg\u00e9rie : Selon FF : Le PSG aurait rencontr\u00e9 l\u2019entourage d\u2019Atal"},"content":{"rendered":"<div readability=\"32\">\n<p>Auteur : <span>Riad O.<\/span> <span class=\"time\">jeudi 30 mai 2019 15:23<\/span><\/p>\n<\/div>\n<div id=\"post_core\" readability=\"65\">\n<p>Consid\u00e9r\u00e9 comme l\u2019une des grandes r\u00e9v\u00e9lations de la Ligue 1 Conforama, Youcef Atal attiserait la convoitise des plus grands clubs europ\u00e9ens. Arriv\u00e9 \u00e0 Nice la saison derni\u00e8re en provenance de Courtrai, l\u2019ancien joueur du PAC a attir\u00e9 l\u2019\u0153il des plus grands clubs europ\u00e9ens dont le Paris Saint-Germain en vue de la saison prochaine. Selon France Football, les d\u00e9cideurs du Paris Saint-Germain auraient r\u00e9cemment rencontr\u00e9 l\u2019entourage de Youcef Atal. Une rencontre qui aurait d\u00e9bouch\u00e9 sur une prise de connaissance des intentions du lat\u00e9ral de l\u2019OGC Nice : \u00ab(\u2026) \u00c0 commencer par le PSG, qui a vu l\u2019entourage du joueur et pris la temp\u00e9rature\u00bb, peut-on lire dans les colonnes de France Football. Tr\u00e8s convoit\u00e9, Atal a de quoi penser \u00e0 un d\u00e9part, lui qui est sous contrat avec le Gym jusqu\u2019en 2021. Il y a des destinations tentantes qui sont \u00e9voqu\u00e9es. Le PSG en fait partie, surtout parce qu\u2019il y aurait sans doute une place \u00e0 prendre la saison prochaine et pour la suite.<br \/><strong>L\u2019Inter Milan insiste pour l\u2019avoir<\/strong><br \/>Mais le PSG n\u2019est pas le seul club qui est int\u00e9ress\u00e9 par le profil d\u2019Atal. En effet, France Football a indiqu\u00e9 que d\u2019autres clubs sont \u00e9galement sur ses traces : \u00ab(\u2026) Mais Monaco est tout aussi s\u00e9duit. Leonardo Jardim a r\u00e9cemment confi\u00e9 en priv\u00e9 son envie de voir un tel \u00e9l\u00e9ment rejoindre les rangs de l\u2019ASM. \u00c0 l\u2019\u00e9tranger, cela commence \u00e0 se bousculer. Naples et l\u2019Inter ont sond\u00e9 la piste menant \u00e0 l\u2019ancien de la JSK. C\u2019est peut-\u00eatre d\u2019Espagne que l\u2019offensive la plus s\u00e9rieuse est \u00e0 pr\u00e9voir. L\u2019Atl\u00e9tico Madrid, amput\u00e9 par des d\u00e9parts majeurs, doit se renforcer sur son flanc droit, o\u00f9 le jeune Fennec pourrait d\u00e9barquer comme concurrent direct au Colombien Santiago Arias\u00bb, a r\u00e9v\u00e9l\u00e9 FF. Selon le m\u00e9dia italien, Sport Mediaset, les responsables de l\u2019Inter Milan, qui aspirent \u00e0 r\u00e9volutionner leur \u00e9quipe pour la saison prochaine, souhaiteraient boucler rapidement ce dossier.<br \/><strong>\u2026L\u2019OGC Nice ne le vendra pas facilement<\/strong><br \/>Cependant, et en d\u00e9pit de l\u2019int\u00e9r\u00eat de tous ces clubs pour Atal, ce dernier ne devrait pas quitter facilement l\u2019OGC Nice. Aussi, rien ne dit que le joueur de l\u2019EN cherchera forc\u00e9ment \u00e0 partir. Il peut aussi vouloir confirmer au sein de son club, qui n\u2019est pas vendeur, d\u2019apr\u00e8s la derni\u00e8re mise au point de son pr\u00e9sident Gauthier Ganaye : \u00abMais le dossier est sensible du c\u00f4t\u00e9 de Nice. Il va falloir faire passer la pilule \u00e0 Patrick Vieira, qui ne veut absolument pas se s\u00e9parer de son jeune joueur. Nice peut tabler sur une prolongation de contrat (qui court jusqu\u2019en 2021) avec une belle revalorisation \u00e0 la cl\u00e9. Mais la direction peut aussi \u00eatre tent\u00e9e de c\u00e9der l\u2019ancien joueur de Courtrai, d\u00e9barqu\u00e9 dans l\u2019anonymat pour 3M\u20ac et qui, aujourd\u2019hui, pourrait valoir six fois plus\u00bb, a indiqu\u00e9 France Football.<br \/>\u00a0<\/p>\n<p><strong>Publi\u00e9 dans :<\/strong> <span>Leonardo Jardim<\/span> <span>Patrick Vieira<\/span> <span>Atal<\/span> <span>Gauthier Ganaye<\/span><\/p>\n<\/div>\n<p>Auteur:<br \/>\n<a href=\"http:\/\/www.lebuteur.com\/article\/detail?titre=selon-ff-le-psg-aurait-rencontre-lentourage-datal&#038;id=89209&#038;utm_source=feedburner&#038;utm_medium=feed&#038;utm_campaign=Feed%3A+GalerieFArtciles+%28Les+derniers+articles++-+lebuteur.com%29\">Cliquez ici pour lire l&rsquo;article depuis sa source.<\/a><\/p>\n","protected":false},"excerpt":{"rendered":"<p>Auteur : Riad O. jeudi 30 mai 2019 15:23 Consid\u00e9r\u00e9 comme l\u2019une des grandes r\u00e9v\u00e9lations de la Ligue 1 Conforama, Youcef Atal attiserait la convoitise des plus grands clubs europ\u00e9ens. Arriv\u00e9 \u00e0 Nice la saison derni\u00e8re en provenance de Courtrai, l\u2019ancien joueur du PAC a attir\u00e9 l\u2019\u0153il des plus grands clubs europ\u00e9ens dont le Paris [&hellip;]<\/p>\n","protected":false},"author":1738,"featured_media":37698,"comment_status":"closed","ping_status":"closed","sticky":false,"template":"","format":"standard","meta":{"fifu_image_url":"","fifu_image_alt":"","footnotes":""},"categories":[53,75],"tags":[],"class_list":["post-37697","post","type-post","status-publish","format-standard","has-post-thumbnail","hentry","category-algerie","category-sport"],"_links":{"self":[{"href":"https:\/\/linitiative.ca\/International\/wp-json\/wp\/v2\/posts\/37697","targetHints":{"allow":["GET"]}}],"collection":[{"href":"https:\/\/linitiative.ca\/International\/wp-json\/wp\/v2\/posts"}],"about":[{"href":"https:\/\/linitiative.ca\/International\/wp-json\/wp\/v2\/types\/post"}],"author":[{"embeddable":true,"href":"https:\/\/linitiative.ca\/International\/wp-json\/wp\/v2\/users\/1738"}],"replies":[{"embeddable":true,"href":"https:\/\/linitiative.ca\/International\/wp-json\/wp\/v2\/comments?post=37697"}],"version-history":[{"count":0,"href":"https:\/\/linitiative.ca\/International\/wp-json\/wp\/v2\/posts\/37697\/revisions"}],"wp:featuredmedia":[{"embeddable":true,"href":"https:\/\/linitiative.ca\/International\/wp-json\/"}],"wp:attachment":[{"href":"https:\/\/linitiative.ca\/International\/wp-json\/wp\/v2\/media?parent=37697"}],"wp:term":[{"taxonomy":"category","embeddable":true,"href":"https:\/\/linitiative.ca\/International\/wp-json\/wp\/v2\/categories?post=37697"},{"taxonomy":"post_tag","embeddable":true,"href":"https:\/\/linitiative.ca\/International\/wp-json\/wp\/v2\/tags?post=37697"}],"curies":[{"name":"wp","href":"https:\/\/api.w.org\/{rel}","templated":true}]}}