{"id":37699,"date":"2019-05-30T15:14:07","date_gmt":"2019-05-30T19:14:07","guid":{"rendered":"https:\/\/linitiative.ca\/International\/ligue-1-2-jsk-mellal-les-enregistrements-sont-recuperes-cest-a-la-justice-maintenant-de-faire-son-travail\/"},"modified":"2019-05-30T15:14:07","modified_gmt":"2019-05-30T19:14:07","slug":"ligue-1-2-jsk-mellal-les-enregistrements-sont-recuperes-cest-a-la-justice-maintenant-de-faire-son-travail","status":"publish","type":"post","link":"https:\/\/linitiative.ca\/International\/ligue-1-2-jsk-mellal-les-enregistrements-sont-recuperes-cest-a-la-justice-maintenant-de-faire-son-travail\/","title":{"rendered":"Ligue 1 &amp; 2 : JSK : Mellal : \u00abLes enregistrements sont r\u00e9cup\u00e9r\u00e9s, c\u2019est \u00e0 la justice maintenant de faire son travail\u00bb"},"content":{"rendered":"<div readability=\"32\">\n<p>Auteur : <span>Ly\u00e8s Aouiche<\/span> <span class=\"time\">jeudi 30 mai 2019 15:28<\/span><\/p>\n<\/div>\n<div id=\"post_core\" readability=\"89\">\n<p>Le pr\u00e9sident de la JSK Cherif Mellal ne l\u00e2che pas le manager g\u00e9n\u00e9ral du CSC, Arama. Le pr\u00e9sident kabyle se dit convaincu que le club constantinois n\u2019a pas respect\u00e9 l\u2019\u00e9thique sportive face \u00e0 l\u2019USMA lors de la derni\u00e8re journ\u00e9e du championnat, en s\u2019inclinant sur le score de trois buts \u00e0 un. Une victoire qui a offert \u00e0 l\u2019USMA son huiti\u00e8me titre. Mais suite aux d\u00e9clarations du pr\u00e9sident Mellal apr\u00e8s le match, Arama a r\u00e9torqu\u00e9 en d\u00e9clarant n\u2019avoir jamais parl\u00e9 avec son homologue de la JSK et qu\u2019il ne r\u00e9pondait m\u00eame pas \u00e0 ses SMS. Or, le pr\u00e9sident Mellal a promis de r\u00e9cup\u00e9rer les conversations t\u00e9l\u00e9phoniques. Ces enregistrements ont \u00e9t\u00e9 remis, hier, au procureur g\u00e9n\u00e9ral pr\u00e8s la cour de Tizi Ouzou. Joint par nos soins hier apr\u00e8s-midi, Mellal a d\u00e9clar\u00e9 :<br \/>\u00abComme je l\u2019ai annonc\u00e9 pr\u00e9c\u00e9demment, je viens de r\u00e9cup\u00e9rer toutes les conversations t\u00e9l\u00e9phoniques qui ont eu lieu entre le manager g\u00e9n\u00e9ral du CSC, en l\u2019occurrence Arama, et moi. Il a d\u00e9clar\u00e9 ne m\u2019avoir jamais r\u00e9pondu, il verra maintenant qui est le menteur. Les enregistrements sont en ma possession, la direction s\u2019appr\u00eate \u00e0 finaliser toute la paperasse pour confier ce dossier \u00e0 la justice pour faire toute la lumi\u00e8re sur cette affaire et v\u00e9rifier qui dit la v\u00e9rit\u00e9.\u00bb<\/p>\n<p><strong>\u00abJe diffuserai les communications sur notre canal officiel, tous les Alg\u00e9riens jugeront\u00bb<\/strong><br \/>Pour prouver aux Alg\u00e9riens tout ce qu\u2019il a d\u00e9clar\u00e9 apr\u00e8s le match du CABBA, le pr\u00e9sident Mellal a pris la d\u00e9cision de diffuser la conversation t\u00e9l\u00e9phonique entre lui et le pr\u00e9sident Arama sur la page officielle du club :<br \/>\u00abFort heureusement que j\u2019ai pu r\u00e9cup\u00e9rer l\u2019int\u00e9gralit\u00e9 de la conversation t\u00e9l\u00e9phonique entre moi et le manager g\u00e9n\u00e9ral du CSC. On s\u2019est longuement parl\u00e9 au t\u00e9l\u00e9phone sur le match CSC &#8211; USMA. Je me suis renseign\u00e9 sur l\u2019ambiance au sein de leur groupe, tout en demandant \u00e0 ce que l\u2019\u00e9thique soit respect\u00e9e. Tous les Alg\u00e9riens peuvent le v\u00e9rifier car j\u2019ai pris la d\u00e9cision de diffuser toute la conversation sur notre page officielle Facebook.\u00bb<\/p>\n<p><strong>\u00abJe vais encore r\u00e9cup\u00e9rer une autre vid\u00e9o scandaleuse\u00bb<\/strong><br \/>Le pr\u00e9sident Cherif Mellal menace d\u2019aller encore plus loin dans cette affaire. Il a r\u00e9v\u00e9l\u00e9 qu\u2019en plus des enregistrements de la conversation t\u00e9l\u00e9phonique avec Arama, il attendait hier apr\u00e8s-midi de r\u00e9cup\u00e9rer une vid\u00e9o scandaleuse, dit-il, et qui confirmerait selon ses propos que le r\u00e9sultat du match contre l\u2019USMA a \u00e9t\u00e9 arrang\u00e9 : \u00abJe ne suis pas en train d\u2019inventer des dossiers pour rien. Si je d\u00e9nonce la mani\u00e8re avec laquelle le CSC a perdu \u00e0 domicile, c\u2019est parce que nous d\u00e9tenons des preuves. Il n\u2019y a pas que les enregistrements audio, il y a aussi une autre vid\u00e9o qui montre une sc\u00e8ne scandaleuse toujours sur le m\u00eame dossier.\u00bb<\/p>\n<p><strong>\u00abDes joueurs du CSC peuvent t\u00e9moigner que l\u2019\u00e9thique n\u2019a pas \u00e9t\u00e9 respect\u00e9e\u00bb<\/strong><br \/>Toujours \u00e0 propos de ce dossier qui risque de polariser encore l\u2019actualit\u00e9 sportive nationale pendant des semaines, le pr\u00e9sident Mellal ajoute : \u00abIl y a aussi des joueurs du CSC, ceux qui n\u2019ont pas jou\u00e9, qui peuvent t\u00e9moigner que l\u2019\u00e9thique sportive n\u2019a pas \u00e9t\u00e9 respect\u00e9e. Ils vont t\u00e9moigner que le CSC a \u00e9t\u00e9 approch\u00e9e officiellement pour lever le pied et arranger le match pour l\u2019USMA afin que cette derni\u00e8re remporte le titre de champion. Ces joueurs ont refus\u00e9 de participer \u00e0 la mascarade.\u00bb<\/p>\n<p><strong>\u00abUn collectif d\u2019avocats est d\u00e9sign\u00e9 pour d\u00e9fendre les int\u00e9r\u00eats de la JSK\u00bb<\/strong><br \/>A propos de la d\u00e9fense, Mellal a assur\u00e9 qu\u2019il est imperturbable et que la direction du club n\u2019est pas rest\u00e9e les bras crois\u00e9s ces derni\u00e8res 48 heures. Il a d\u00e9clar\u00e9 \u00e0 ce propos : \u00abNous n\u2019allons pas laisser cette affaire passer sous silence. Nous avons \u00e9t\u00e9 victimes d\u2019un arrangement de match entre deux clubs et l\u2019\u00e9thique sportive n\u2019a pas \u00e9t\u00e9 respect\u00e9e. On a engag\u00e9 un collectif d\u2019avocats qui prendront ce dossier en charge, jusqu\u2019\u00e0 faire r\u00e9tablir la JSK dans ses droits.\u00bb<\/p>\n<p><strong>\u00abLa FAF et la LFP doivent ouvrir une enqu\u00eate\u00bb<\/strong><br \/>Convaincu que la victoire de l&rsquo;USMA \u00e0 Constantine est acquise suite \u00e0 des param\u00e8tres extrasportifs, le pr\u00e9sident de la JSK Cherif Mellal a appel\u00e9 les deux instances sportives nationales \u00e0 r\u00e9agir : \u00ab\u00a0La faf et la LFP ne doivent pas rester les bras crois\u00e9s. Elles sont tenues de g\u00e9rer ce dossier et lui accorder toute l&rsquo;attention qu&rsquo;il m\u00e9rite. A mon sens, elles doivent ouvrir une enqu\u00eate approfondie et s\u00e9rieuse pour v\u00e9rifier comment on a arrang\u00e9 le match du CSC face \u00e0 l&rsquo;USMA et comment ce dernier a gagn\u00e9 facilement. Les images du match sont l\u00e0 pour le v\u00e9rifier.\u00a0\u00bb<br \/>\u00a0<\/p>\n<p><strong>Publi\u00e9 dans :<\/strong> <span>JSK<\/span> <span>USMA<\/span> <span>Mellal<\/span> <span>arama<\/span><\/p>\n<\/div>\n<p>Auteur:<br \/>\n<a href=\"http:\/\/www.lebuteur.com\/article\/detail?titre=jsk-mellal-les-enregistrements-sont-recuperes-cest-a-la-justice-maintenant-de-faire-son-travail&#038;id=89213&#038;utm_source=feedburner&#038;utm_medium=feed&#038;utm_campaign=Feed%3A+GalerieFArtciles+%28Les+derniers+articles++-+lebuteur.com%29\">Cliquez ici pour lire l&rsquo;article depuis sa source.<\/a><\/p>\n","protected":false},"excerpt":{"rendered":"<p>Auteur : Ly\u00e8s Aouiche jeudi 30 mai 2019 15:28 Le pr\u00e9sident de la JSK Cherif Mellal ne l\u00e2che pas le manager g\u00e9n\u00e9ral du CSC, Arama. Le pr\u00e9sident kabyle se dit convaincu que le club constantinois n\u2019a pas respect\u00e9 l\u2019\u00e9thique sportive face \u00e0 l\u2019USMA lors de la derni\u00e8re journ\u00e9e du championnat, en s\u2019inclinant sur le score [&hellip;]<\/p>\n","protected":false},"author":1738,"featured_media":37700,"comment_status":"closed","ping_status":"closed","sticky":false,"template":"","format":"standard","meta":{"fifu_image_url":"","fifu_image_alt":"","footnotes":""},"categories":[53,75],"tags":[],"class_list":["post-37699","post","type-post","status-publish","format-standard","has-post-thumbnail","hentry","category-algerie","category-sport"],"_links":{"self":[{"href":"https:\/\/linitiative.ca\/International\/wp-json\/wp\/v2\/posts\/37699","targetHints":{"allow":["GET"]}}],"collection":[{"href":"https:\/\/linitiative.ca\/International\/wp-json\/wp\/v2\/posts"}],"about":[{"href":"https:\/\/linitiative.ca\/International\/wp-json\/wp\/v2\/types\/post"}],"author":[{"embeddable":true,"href":"https:\/\/linitiative.ca\/International\/wp-json\/wp\/v2\/users\/1738"}],"replies":[{"embeddable":true,"href":"https:\/\/linitiative.ca\/International\/wp-json\/wp\/v2\/comments?post=37699"}],"version-history":[{"count":0,"href":"https:\/\/linitiative.ca\/International\/wp-json\/wp\/v2\/posts\/37699\/revisions"}],"wp:featuredmedia":[{"embeddable":true,"href":"https:\/\/linitiative.ca\/International\/wp-json\/"}],"wp:attachment":[{"href":"https:\/\/linitiative.ca\/International\/wp-json\/wp\/v2\/media?parent=37699"}],"wp:term":[{"taxonomy":"category","embeddable":true,"href":"https:\/\/linitiative.ca\/International\/wp-json\/wp\/v2\/categories?post=37699"},{"taxonomy":"post_tag","embeddable":true,"href":"https:\/\/linitiative.ca\/International\/wp-json\/wp\/v2\/tags?post=37699"}],"curies":[{"name":"wp","href":"https:\/\/api.w.org\/{rel}","templated":true}]}}