{"id":37701,"date":"2019-05-30T15:14:08","date_gmt":"2019-05-30T19:14:08","guid":{"rendered":"https:\/\/linitiative.ca\/International\/pros-ogc-nice-un-nouveau-pretendant-pour-atal\/"},"modified":"2019-05-30T15:14:08","modified_gmt":"2019-05-30T19:14:08","slug":"pros-ogc-nice-un-nouveau-pretendant-pour-atal","status":"publish","type":"post","link":"https:\/\/linitiative.ca\/International\/pros-ogc-nice-un-nouveau-pretendant-pour-atal\/","title":{"rendered":"Pros : OGC Nice : Un nouveau pr\u00e9tendant pour Atal"},"content":{"rendered":"<div readability=\"32\">\n<p>Auteur : <span class=\"time\">jeudi 30 mai 2019 18:20<\/span><\/p>\n<\/div>\n<div id=\"post_core\" readability=\"40\">\n<p>En effet, si l\u2019on en croit Sport Mediaset et Les-Transferts, l\u2019Inter Milan aurait un \u0153il sur le d\u00e9fenseur de 23 ans qui est arriv\u00e9 \u00e0 Nice l\u2019\u00e9t\u00e9 dernier en provenance de Coutrai. Atal, jug\u00e9 intransf\u00e9rable par Patrick Vieira, a inscrit 6 buts en 29 apparitions de Ligue 1 cette saison.<\/p>\n<p><strong>Publi\u00e9 dans :<\/strong> <span>OGC Nice<\/span> <span>Atal<\/span><\/p>\n<\/div>\n<p>Auteur:<br \/>\n<a href=\"http:\/\/www.lebuteur.com\/article\/detail?titre=ogc-nice-un-nouveau-pretendant-pour-atal&#038;id=89214&#038;utm_source=feedburner&#038;utm_medium=feed&#038;utm_campaign=Feed%3A+GalerieFArtciles+%28Les+derniers+articles++-+lebuteur.com%29\">Cliquez ici pour lire l&rsquo;article depuis sa source.<\/a><\/p>\n","protected":false},"excerpt":{"rendered":"<p>Auteur : jeudi 30 mai 2019 18:20 En effet, si l\u2019on en croit Sport Mediaset et Les-Transferts, l\u2019Inter Milan aurait un \u0153il sur le d\u00e9fenseur de 23 ans qui est arriv\u00e9 \u00e0 Nice l\u2019\u00e9t\u00e9 dernier en provenance de Coutrai. Atal, jug\u00e9 intransf\u00e9rable par Patrick Vieira, a inscrit 6 buts en 29 apparitions de Ligue 1 [&hellip;]<\/p>\n","protected":false},"author":1738,"featured_media":37702,"comment_status":"closed","ping_status":"closed","sticky":false,"template":"","format":"standard","meta":{"fifu_image_url":"","fifu_image_alt":"","footnotes":""},"categories":[53,75],"tags":[],"class_list":["post-37701","post","type-post","status-publish","format-standard","has-post-thumbnail","hentry","category-algerie","category-sport"],"_links":{"self":[{"href":"https:\/\/linitiative.ca\/International\/wp-json\/wp\/v2\/posts\/37701","targetHints":{"allow":["GET"]}}],"collection":[{"href":"https:\/\/linitiative.ca\/International\/wp-json\/wp\/v2\/posts"}],"about":[{"href":"https:\/\/linitiative.ca\/International\/wp-json\/wp\/v2\/types\/post"}],"author":[{"embeddable":true,"href":"https:\/\/linitiative.ca\/International\/wp-json\/wp\/v2\/users\/1738"}],"replies":[{"embeddable":true,"href":"https:\/\/linitiative.ca\/International\/wp-json\/wp\/v2\/comments?post=37701"}],"version-history":[{"count":0,"href":"https:\/\/linitiative.ca\/International\/wp-json\/wp\/v2\/posts\/37701\/revisions"}],"wp:featuredmedia":[{"embeddable":true,"href":"https:\/\/linitiative.ca\/International\/wp-json\/"}],"wp:attachment":[{"href":"https:\/\/linitiative.ca\/International\/wp-json\/wp\/v2\/media?parent=37701"}],"wp:term":[{"taxonomy":"category","embeddable":true,"href":"https:\/\/linitiative.ca\/International\/wp-json\/wp\/v2\/categories?post=37701"},{"taxonomy":"post_tag","embeddable":true,"href":"https:\/\/linitiative.ca\/International\/wp-json\/wp\/v2\/tags?post=37701"}],"curies":[{"name":"wp","href":"https:\/\/api.w.org\/{rel}","templated":true}]}}