{"id":37703,"date":"2019-05-30T15:14:09","date_gmt":"2019-05-30T19:14:09","guid":{"rendered":"https:\/\/linitiative.ca\/International\/international-real-madrid-sergio-ramos-brise-le-silence-sur-son-avenir\/"},"modified":"2019-05-30T15:14:09","modified_gmt":"2019-05-30T19:14:09","slug":"international-real-madrid-sergio-ramos-brise-le-silence-sur-son-avenir","status":"publish","type":"post","link":"https:\/\/linitiative.ca\/International\/international-real-madrid-sergio-ramos-brise-le-silence-sur-son-avenir\/","title":{"rendered":"International : Real Madrid : Sergio Ramos brise le silence sur son avenir !"},"content":{"rendered":"<div readability=\"32\">\n<p>Auteur : <span class=\"time\">jeudi 30 mai 2019 18:25<\/span><\/p>\n<\/div>\n<div id=\"post_core\" readability=\"49\">\n<p>Plusieurs sources en Espagne ont annonc\u00e9 que le capitaine du Real Madrid souhaiterait quitter le club. Diff\u00e9rentes raisons ont \u00e9t\u00e9 \u00e9voqu\u00e9es. Certains ont assur\u00e9 que le d\u00e9fenseur souhaitait un plus gros salaire et qu\u2019il serait dispos\u00e9 \u00e0 rejoindre la Chine pour cela, d\u2019autres qu\u2019il devrait une tr\u00e8s grosse somme \u00e0 une banque espagnole apr\u00e8s un pr\u00eat contract\u00e9 il y a quelques ann\u00e9es.<\/p>\n<p>Pour \u00e9claircir d\u00e9finitivement sa situation, Sergio Ramos\u00a0a tenu une conf\u00e9rence de presse ce jeudi \u00e0 Valdebebas, durant laquelle il a clairement expliqu\u00e9 vouloir rester au Real Madrid. \u00ab Je veux prendre ma retraite ici, je veux passer le reste de mon contrat ici, \u00e0 Madrid \u00bb a assur\u00e9 le capitaine madril\u00e8ne, d\u2019apr\u00e8s des propos rapport\u00e9s par Marca et Le 10 Sport. \u00ab Je ne veux pas quitter le Real Madrid. J&rsquo;ai toujours dit que je r\u00eavais de prendre ma retraite ici et le pr\u00e9sident le sait. Je lui ai toujours dit que je ne partirais jamais, je serais m\u00eame pr\u00eat \u00e0 jouer ici gratuitement ! \u00bb.<\/p>\n<p><strong>Publi\u00e9 dans :<\/strong> <span>real madrid<\/span> <span>Sergio Ramos<\/span><\/p>\n<\/div>\n<p>Auteur:<br \/>\n<a href=\"http:\/\/www.lebuteur.com\/article\/detail?titre=real-madrid-sergio-ramos-brise-le-silence-sur-son-avenir&#038;id=89215&#038;utm_source=feedburner&#038;utm_medium=feed&#038;utm_campaign=Feed%3A+GalerieFArtciles+%28Les+derniers+articles++-+lebuteur.com%29\">Cliquez ici pour lire l&rsquo;article depuis sa source.<\/a><\/p>\n","protected":false},"excerpt":{"rendered":"<p>Auteur : jeudi 30 mai 2019 18:25 Plusieurs sources en Espagne ont annonc\u00e9 que le capitaine du Real Madrid souhaiterait quitter le club. Diff\u00e9rentes raisons ont \u00e9t\u00e9 \u00e9voqu\u00e9es. Certains ont assur\u00e9 que le d\u00e9fenseur souhaitait un plus gros salaire et qu\u2019il serait dispos\u00e9 \u00e0 rejoindre la Chine pour cela, d\u2019autres qu\u2019il devrait une tr\u00e8s grosse [&hellip;]<\/p>\n","protected":false},"author":1738,"featured_media":37704,"comment_status":"closed","ping_status":"closed","sticky":false,"template":"","format":"standard","meta":{"fifu_image_url":"","fifu_image_alt":"","footnotes":""},"categories":[53,75],"tags":[],"class_list":["post-37703","post","type-post","status-publish","format-standard","has-post-thumbnail","hentry","category-algerie","category-sport"],"_links":{"self":[{"href":"https:\/\/linitiative.ca\/International\/wp-json\/wp\/v2\/posts\/37703","targetHints":{"allow":["GET"]}}],"collection":[{"href":"https:\/\/linitiative.ca\/International\/wp-json\/wp\/v2\/posts"}],"about":[{"href":"https:\/\/linitiative.ca\/International\/wp-json\/wp\/v2\/types\/post"}],"author":[{"embeddable":true,"href":"https:\/\/linitiative.ca\/International\/wp-json\/wp\/v2\/users\/1738"}],"replies":[{"embeddable":true,"href":"https:\/\/linitiative.ca\/International\/wp-json\/wp\/v2\/comments?post=37703"}],"version-history":[{"count":0,"href":"https:\/\/linitiative.ca\/International\/wp-json\/wp\/v2\/posts\/37703\/revisions"}],"wp:featuredmedia":[{"embeddable":true,"href":"https:\/\/linitiative.ca\/International\/wp-json\/"}],"wp:attachment":[{"href":"https:\/\/linitiative.ca\/International\/wp-json\/wp\/v2\/media?parent=37703"}],"wp:term":[{"taxonomy":"category","embeddable":true,"href":"https:\/\/linitiative.ca\/International\/wp-json\/wp\/v2\/categories?post=37703"},{"taxonomy":"post_tag","embeddable":true,"href":"https:\/\/linitiative.ca\/International\/wp-json\/wp\/v2\/tags?post=37703"}],"curies":[{"name":"wp","href":"https:\/\/api.w.org\/{rel}","templated":true}]}}