{"id":37751,"date":"2019-05-30T16:30:00","date_gmt":"2019-05-30T20:30:00","guid":{"rendered":"https:\/\/linitiative.ca\/International\/degradation-dangereuse-de-letat-de-sante-du-blogueur-abdellah-benaoum\/"},"modified":"2019-05-30T16:30:00","modified_gmt":"2019-05-30T20:30:00","slug":"degradation-dangereuse-de-letat-de-sante-du-blogueur-abdellah-benaoum","status":"publish","type":"post","link":"https:\/\/linitiative.ca\/International\/degradation-dangereuse-de-letat-de-sante-du-blogueur-abdellah-benaoum\/","title":{"rendered":"D\u00e9gradation dangereuse de l\u2019\u00e9tat de sant\u00e9 du blogueur Abdellah Benaoum"},"content":{"rendered":"<h4 class=\"title-14\"\/>\n<div class=\"featured_image\"><img width=\"480\" height=\"485\" data-cfsrc=\"https:\/\/www.elwatan.com\/wp-content\/uploads\/2019\/05\/benaoum.jpg\" class=\"attachment-post-thumbnail size-post-thumbnail wp-post-image c1\" alt=\"\" srcset=\"https:\/\/www.elwatan.com\/wp-content\/uploads\/2019\/05\/benaoum.jpg 480w, https:\/\/www.elwatan.com\/wp-content\/uploads\/2019\/05\/benaoum-297x300.jpg 297w\" sizes=\"(max-width: 480px) 100vw, 480px\"\/><noscript><\/p>\n<p><img loading=\"lazy\" decoding=\"async\" width=\"480\" height=\"485\" src=\"https:\/\/www.elwatan.com\/wp-content\/uploads\/2019\/05\/benaoum.jpg\" class=\"attachment-post-thumbnail size-post-thumbnail wp-post-image\" alt=\"\" srcset=\"https:\/\/www.elwatan.com\/wp-content\/uploads\/2019\/05\/benaoum.jpg 480w, https:\/\/www.elwatan.com\/wp-content\/uploads\/2019\/05\/benaoum-297x300.jpg 297w\" sizes=\"auto, (max-width: 480px) 100vw, 480px\"\/><\/p>\n<p><\/noscript> <span class=\"featured-image-caption\">Le blogueur Abdellah Benaoum est en gr\u00e8ve de la faim depuis pr\u00e8s de 3 mois<\/span><\/div>\n<p>L\u2019\u00e9tat de sant\u00e9 d\u2019Abdellah Benaoum, blogueur et activiste politique, condamn\u00e9 \u00e0 deux ann\u00e9es de prison ferme pour outrage au pr\u00e9sident d\u00e9missionnaire Abdelaziz Bouteflika, s\u2019est <em>\u00ab dangereusement d\u00e9grad\u00e9 \u00bb<\/em>, indique, ce jeudi 30 mai, son avocat Me Kerma Mohamed.<\/p>\n<p>Me Kerma Mohamed a rendu visite, ce jeudi vers 15h, \u00e0 Abdellah Benaoum, incarc\u00e9r\u00e9 au p\u00e9nitencier de Sidi Bel Abb\u00e8s et en gr\u00e8ve de la faim depuis presque 3 mois. <em>\u00ab Son \u00e9tat de sant\u00e9 est inqui\u00e9tant. Il a perdu beaucoup de poids et se d\u00e9place en chaise roulante \u00bb<\/em>, pr\u00e9cise Me Kerma \u00e0 <em>El Watan<\/em>. <em>Son taux de glyc\u00e9mie<\/em> (0,40 g) <em>et sa tension art\u00e9rielle<\/em> (5,9) <em>ne font qu\u2019accentuer nos craintes sur les risques qu\u2019il encourt.<\/em>\u00bb<\/p>\n<p>Selon son avocat, M. Benaoum reste d\u00e9termin\u00e9 \u00e0 poursuivre sa gr\u00e8ve de la faim et \u00e0 r\u00e9clamer sa lib\u00e9ration, <em>\u00ab malgr\u00e9 toutes les tentatives \u00a0de l\u2019en dissuader.\u00bb<\/em> <em>\u00a0<\/em><\/p>\n<p><em>\u00ab Cette gr\u00e8ve de la faim est une bataille pour la libert\u00e9 et contre l\u2019injustice et l\u2019oppression. Je suis d\u00e9termin\u00e9 \u00e0 poursuivre la gr\u00e8ve\u2026 \u00bb<\/em>, a assur\u00e9 M. Benaoum, selon les propos rapport\u00e9s par Me Kerma.<\/p>\n<p>Pour de nombreux d\u00e9fenseurs des droits de l\u2019homme, M. Benaoum est un d\u00e9tenu d\u2019opinion qui m\u00e8ne, depuis son incarc\u00e9ration, des gr\u00e8ves de la faim cycliques qui lui ont valu d\u2019\u00eatre transf\u00e9r\u00e9, au moins deux fois, vers d\u2019autres \u00e9tablissements p\u00e9nitenciers.<\/p>\n<p>M. Abdellah Benaoum a re\u00e7u \u00e9galement aujourd\u2019hui la visite de Me Mostefa Bouchachi qui a fait le d\u00e9placement depuis Alger pour s\u2019enqu\u00e9rir de l\u2019\u00e9volution son \u00e9tat de sant\u00e9.<\/p>\n<p><span class=\"post-views-label\">Post Views:<\/span> <span class=\"post-views-count\">5<\/span><\/p>\n<p>Auteur: Farouk Djouadi<br \/>\n<a href=\"https:\/\/www.elwatan.com\/edition\/actualite\/degradation-dangereuse-de-letat-de-sante-du-blogueur-abdellah-benaoum-30-05-2019\">Cliquez ici pour lire l&rsquo;article depuis sa source.<\/a><\/p>\n","protected":false},"excerpt":{"rendered":"<p>Le blogueur Abdellah Benaoum est en gr\u00e8ve de la faim depuis pr\u00e8s de 3 mois L\u2019\u00e9tat de sant\u00e9 d\u2019Abdellah Benaoum, blogueur et activiste politique, condamn\u00e9 \u00e0 deux ann\u00e9es de prison ferme pour outrage au pr\u00e9sident d\u00e9missionnaire Abdelaziz Bouteflika, s\u2019est \u00ab dangereusement d\u00e9grad\u00e9 \u00bb, indique, ce jeudi 30 mai, son avocat Me Kerma Mohamed. Me Kerma [&hellip;]<\/p>\n","protected":false},"author":1743,"featured_media":37752,"comment_status":"closed","ping_status":"closed","sticky":false,"template":"","format":"standard","meta":{"fifu_image_url":"","fifu_image_alt":"","footnotes":""},"categories":[73,53],"tags":[],"class_list":["post-37751","post","type-post","status-publish","format-standard","has-post-thumbnail","hentry","category-actualite","category-algerie"],"_links":{"self":[{"href":"https:\/\/linitiative.ca\/International\/wp-json\/wp\/v2\/posts\/37751","targetHints":{"allow":["GET"]}}],"collection":[{"href":"https:\/\/linitiative.ca\/International\/wp-json\/wp\/v2\/posts"}],"about":[{"href":"https:\/\/linitiative.ca\/International\/wp-json\/wp\/v2\/types\/post"}],"author":[{"embeddable":true,"href":"https:\/\/linitiative.ca\/International\/wp-json\/wp\/v2\/users\/1743"}],"replies":[{"embeddable":true,"href":"https:\/\/linitiative.ca\/International\/wp-json\/wp\/v2\/comments?post=37751"}],"version-history":[{"count":0,"href":"https:\/\/linitiative.ca\/International\/wp-json\/wp\/v2\/posts\/37751\/revisions"}],"wp:featuredmedia":[{"embeddable":true,"href":"https:\/\/linitiative.ca\/International\/wp-json\/"}],"wp:attachment":[{"href":"https:\/\/linitiative.ca\/International\/wp-json\/wp\/v2\/media?parent=37751"}],"wp:term":[{"taxonomy":"category","embeddable":true,"href":"https:\/\/linitiative.ca\/International\/wp-json\/wp\/v2\/categories?post=37751"},{"taxonomy":"post_tag","embeddable":true,"href":"https:\/\/linitiative.ca\/International\/wp-json\/wp\/v2\/tags?post=37751"}],"curies":[{"name":"wp","href":"https:\/\/api.w.org\/{rel}","templated":true}]}}