{"id":37753,"date":"2019-05-30T16:34:43","date_gmt":"2019-05-30T20:34:43","guid":{"rendered":"https:\/\/linitiative.ca\/International\/des-travailleurs-de-sonatrach-manifestent-a-oran\/"},"modified":"2019-05-30T16:34:43","modified_gmt":"2019-05-30T20:34:43","slug":"des-travailleurs-de-sonatrach-manifestent-a-oran","status":"publish","type":"post","link":"https:\/\/linitiative.ca\/International\/des-travailleurs-de-sonatrach-manifestent-a-oran\/","title":{"rendered":"Des travailleurs de Sonatrach manifestent \u00e0 Oran"},"content":{"rendered":"<h4 class=\"title-14\"\/>\n<p>Les employ\u00e9s sous le r\u00e9gime du travail post\u00e9 dans les diff\u00e9rents sites de liqu\u00e9faction et s\u00e9paration de GPL situ\u00e9s dans la zone p\u00e9trochimique d\u2019Arzew ont observ\u00e9, aujourd\u2019hui, un rassemblement devant la direction aval de Sonatrach \u00e0 Oran pour protester contre une d\u00e9cision qualifi\u00e9e \u00abd\u2019injuste\u00bb.<\/p>\n<p>Les protestataires fustigent notamment une directive paraph\u00e9e par le directeur des ressources humaines de cette compagnie nationale qui g\u00e8re les sites de liqu\u00e9faction et s\u00e9paration de GPL d\u2019Arzew.<\/p>\n<p>Le directeur des ressources humaines se r\u00e9f\u00e9rant \u00e0 une directive de la direction de la r\u00e9glementation dat\u00e9e de 2018, rappelle que \u00able personnel exer\u00e7ant en travail post\u00e9 n\u2019ouvre pas droit \u00e0 la r\u00e9cup\u00e9ration des journ\u00e9es f\u00e9ri\u00e9es travaill\u00e9es\u00bb. Les contestataires estiment que \u00abla r\u00e9cup\u00e9ration des journ\u00e9es f\u00e9ri\u00e9es travaill\u00e9es est un droit \u00bb. <strong>\u00a0\u00a0\u00a0\u00a0<\/strong><\/p>\n<p><span class=\"post-views-label\">Post Views:<\/span> <span class=\"post-views-count\">0<\/span><\/p>\n<p>Auteur: Farouk Djouadi<br \/>\n<a href=\"https:\/\/www.elwatan.com\/edition\/economie\/des-travailleurs-de-sonatrach-manifestent-a-oran-30-05-2019\">Cliquez ici pour lire l&rsquo;article depuis sa source.<\/a><\/p>\n","protected":false},"excerpt":{"rendered":"<p>Les employ\u00e9s sous le r\u00e9gime du travail post\u00e9 dans les diff\u00e9rents sites de liqu\u00e9faction et s\u00e9paration de GPL situ\u00e9s dans la zone p\u00e9trochimique d\u2019Arzew ont observ\u00e9, aujourd\u2019hui, un rassemblement devant la direction aval de Sonatrach \u00e0 Oran pour protester contre une d\u00e9cision qualifi\u00e9e \u00abd\u2019injuste\u00bb. Les protestataires fustigent notamment une directive paraph\u00e9e par le directeur des [&hellip;]<\/p>\n","protected":false},"author":1743,"featured_media":0,"comment_status":"closed","ping_status":"closed","sticky":false,"template":"","format":"standard","meta":{"fifu_image_url":"","fifu_image_alt":"","footnotes":""},"categories":[73,53],"tags":[],"class_list":["post-37753","post","type-post","status-publish","format-standard","hentry","category-actualite","category-algerie"],"_links":{"self":[{"href":"https:\/\/linitiative.ca\/International\/wp-json\/wp\/v2\/posts\/37753","targetHints":{"allow":["GET"]}}],"collection":[{"href":"https:\/\/linitiative.ca\/International\/wp-json\/wp\/v2\/posts"}],"about":[{"href":"https:\/\/linitiative.ca\/International\/wp-json\/wp\/v2\/types\/post"}],"author":[{"embeddable":true,"href":"https:\/\/linitiative.ca\/International\/wp-json\/wp\/v2\/users\/1743"}],"replies":[{"embeddable":true,"href":"https:\/\/linitiative.ca\/International\/wp-json\/wp\/v2\/comments?post=37753"}],"version-history":[{"count":0,"href":"https:\/\/linitiative.ca\/International\/wp-json\/wp\/v2\/posts\/37753\/revisions"}],"wp:attachment":[{"href":"https:\/\/linitiative.ca\/International\/wp-json\/wp\/v2\/media?parent=37753"}],"wp:term":[{"taxonomy":"category","embeddable":true,"href":"https:\/\/linitiative.ca\/International\/wp-json\/wp\/v2\/categories?post=37753"},{"taxonomy":"post_tag","embeddable":true,"href":"https:\/\/linitiative.ca\/International\/wp-json\/wp\/v2\/tags?post=37753"}],"curies":[{"name":"wp","href":"https:\/\/api.w.org\/{rel}","templated":true}]}}