{"id":37763,"date":"2019-05-30T16:45:00","date_gmt":"2019-05-30T20:45:00","guid":{"rendered":"https:\/\/linitiative.ca\/International\/la-mecque-en-mode-omra-loin-de-sinteresser-aux-sommets-des-pays-du-golfe-arabes-et-islamiques\/"},"modified":"2019-05-30T16:45:00","modified_gmt":"2019-05-30T20:45:00","slug":"la-mecque-en-mode-omra-loin-de-sinteresser-aux-sommets-des-pays-du-golfe-arabes-et-islamiques","status":"publish","type":"post","link":"https:\/\/linitiative.ca\/International\/la-mecque-en-mode-omra-loin-de-sinteresser-aux-sommets-des-pays-du-golfe-arabes-et-islamiques\/","title":{"rendered":"La Mecque, en mode Omra loin de s\u2019int\u00e9resser aux sommets des pays du Golfe, arabes et islamiques"},"content":{"rendered":"<p>En ce mois saint du Ramadan, et surtout ce jeudi soir 30 mai, juste la veille de la Nuit du destin, vendredi 27 ramadan, la Mecque est prise d\u2019assaut par des centaines de milliers musulmans venus des quatre coins du monde accomplir le rite de l\u2019Omra. L&rsquo;\u00e9v\u00e8nement n&rsquo;est pas <a href=\"https:\/\/www.leaders.com.tn\/article\/27219-beji-caid-essebsi-en-mission-d-apaisement-aux-sommets-de-la-mecque\">les sommets des pays du Golfe, arabes et islamiques, mais l&rsquo;Omra<\/a>. Si un parcours sp\u00e9cial a \u00e9t\u00e9 r\u00e9serv\u00e9 de l\u2019a\u00e9roport de Djeddah jsuqu\u2019\u00e0 la Mecque pour les cort\u00e8ges des d\u00e9l\u00e9gations officielles de 57 pays arabes et islamiques, toutes les voies d\u2019acc\u00e8s terrestre sont sous un trafic extr\u00eamement \u00e9lev\u00e9, avec des embouteillages interminables. Les importantes mesures s\u00e9curitaires, d\u00e9j\u00e0 renforc\u00e9es durant le ramadan et fortement consolid\u00e9es pour les sommets ne facilitent pas la t\u00e2che des visiteurs et surtout les automobilistes.<\/p>\n<p>Avant m\u00eame d\u2019arriver \u00e0 la Kaaba, les abords du Haram, sont d\u00e9j\u00e0 bond\u00e9s d\u00e8s 18 heures locales (l\u2019Iftar \u00e9tant \u00e0 19 heures, heure locale, en d\u00e9calage de 2 heures par rapport \u00e0 Tunis). Nombreux musulmans pr\u00e9f\u00e8rent s\u2019installer sur les places avoisinantes, o\u00f9 des hauts parleurs diffusent les appels \u00e0 la pri\u00e8re, puis les pri\u00e8res. Des hommes et de femmes, volontaires pour venir en aide aux visiteurs, offrent aux passants qui une bouteille d\u2019eau fraiche, qui un paquet d\u2019Iftar, qui des dattes. Les plus chanceux des visiteurs parviendront \u00e0 trouver place \u00e0 l\u2019int\u00e9rieur du Haram et les encore plus chanceux s\u2019approcheront de la Kaaba et iront embrasser la pierre noire.<\/p>\n<p>L\u2019ambiance g\u00e9n\u00e9rale est surtout celle de la pri\u00e8re et du recueillement, sans se soucier des sommets des pays du Golfe, arabes et islamique et de ce qui pourrait en \u00e9maner.<\/p>\n<p><em><strong>La Mecque, de l\u2019envoy\u00e9 sp\u00e9cial de Leaders, Taoufik Habaieb.<\/strong><\/em><\/p>\n<p><strong>Lire aussi<\/strong><\/p>\n<p>\u00a0<\/p>\n<p>Auteur:<br \/>\n<a href=\"https:\/\/www.leaders.com.tn\/article\/27218-la-mecque-en-mode-omra-loin-de-s-interesser-aux-sommets-des-pays-du-golfe-arabes-et-islamiques\">Cliquez ici pour lire l&rsquo;article depuis sa source.<\/a><\/p>\n","protected":false},"excerpt":{"rendered":"<p>En ce mois saint du Ramadan, et surtout ce jeudi soir 30 mai, juste la veille de la Nuit du destin, vendredi 27 ramadan, la Mecque est prise d\u2019assaut par des centaines de milliers musulmans venus des quatre coins du monde accomplir le rite de l\u2019Omra. L&rsquo;\u00e9v\u00e8nement n&rsquo;est pas les sommets des pays du Golfe, [&hellip;]<\/p>\n","protected":false},"author":1772,"featured_media":0,"comment_status":"closed","ping_status":"closed","sticky":false,"template":"","format":"standard","meta":{"fifu_image_url":"","fifu_image_alt":"","footnotes":""},"categories":[73,55],"tags":[],"class_list":["post-37763","post","type-post","status-publish","format-standard","hentry","category-actualite","category-tunisie"],"_links":{"self":[{"href":"https:\/\/linitiative.ca\/International\/wp-json\/wp\/v2\/posts\/37763","targetHints":{"allow":["GET"]}}],"collection":[{"href":"https:\/\/linitiative.ca\/International\/wp-json\/wp\/v2\/posts"}],"about":[{"href":"https:\/\/linitiative.ca\/International\/wp-json\/wp\/v2\/types\/post"}],"author":[{"embeddable":true,"href":"https:\/\/linitiative.ca\/International\/wp-json\/wp\/v2\/users\/1772"}],"replies":[{"embeddable":true,"href":"https:\/\/linitiative.ca\/International\/wp-json\/wp\/v2\/comments?post=37763"}],"version-history":[{"count":0,"href":"https:\/\/linitiative.ca\/International\/wp-json\/wp\/v2\/posts\/37763\/revisions"}],"wp:attachment":[{"href":"https:\/\/linitiative.ca\/International\/wp-json\/wp\/v2\/media?parent=37763"}],"wp:term":[{"taxonomy":"category","embeddable":true,"href":"https:\/\/linitiative.ca\/International\/wp-json\/wp\/v2\/categories?post=37763"},{"taxonomy":"post_tag","embeddable":true,"href":"https:\/\/linitiative.ca\/International\/wp-json\/wp\/v2\/tags?post=37763"}],"curies":[{"name":"wp","href":"https:\/\/api.w.org\/{rel}","templated":true}]}}