{"id":37764,"date":"2019-05-30T16:54:00","date_gmt":"2019-05-30T20:54:00","guid":{"rendered":"https:\/\/linitiative.ca\/International\/beji-caid-essebsi-en-mission-dapaisement-aux-sommets-de-la-mecque\/"},"modified":"2019-05-30T16:54:00","modified_gmt":"2019-05-30T20:54:00","slug":"beji-caid-essebsi-en-mission-dapaisement-aux-sommets-de-la-mecque","status":"publish","type":"post","link":"https:\/\/linitiative.ca\/International\/beji-caid-essebsi-en-mission-dapaisement-aux-sommets-de-la-mecque\/","title":{"rendered":"B\u00e9ji Ca\u00efd Essebsi en mission d\u2019apaisement aux sommets de la Mecque"},"content":{"rendered":"<p><em><strong>La Mecque \u2013 De l\u2019envoy\u00e9 sp\u00e9cial de Leaders, Taoufik Habaieb.<\/strong><\/em> Pr\u00e9sident en exercice de la Ligue des Etats arabe, depuis le sommet de Tunis en mars dernier, le pr\u00e9sident B\u00e9ji Ca\u00efd Essebsi n\u2019a pas la t\u00e2che facile aux trois sommets qui se tiennent d\u00e8s ce jeudi soir, 30 mai \u00e0 la Mecque 2019. D\u00e9non\u00e7ant les attaques perp\u00e9tr\u00e9s contre ses installations p\u00e9troli\u00e8res et des actes de sabotage visant des navires dont 2 tankers qui lui appartiennent, au large de Fujairah, aux Emirats, l\u2019Arabie saoudite a demand\u00e9 &#8211; et obtenu &#8211; la convocation d\u2019un sommet arabe extraordinaire. Pr\u00e9c\u00e9d\u00e9 d\u2019un sommet des pays membres du Conseil de Coop\u00e9ration du Golfe (6 pays), et pr\u00e9c\u00e9dant la tenue ce vendredi 31 mai du 14\u00e8me sommet ordinaire de la Conf\u00e9rence de la Coop\u00e9ration islamique (57 pays), cette d\u00e9marche insistante de l\u2019Arabie saoudite vise \u00e0 obtenir une ferme condamnation de l\u2019Iran accus\u00e9e d\u2019\u00eatre \u00e0 l\u2019origine des attaques. Trois sommets qui se tiennent sur fond de menaces s\u00e9curitaires risquant de d\u00e9clencher une guerre entre T\u00e9h\u00e9ran et Washington et affectant toute la r\u00e9gion du Golfe.<\/p>\n<h2>Les Etats-Unis accusent directement l&rsquo;Iran<\/h2>\n<p>En visite mercredi \u00e0 Abu Dhabi, le conseiller am\u00e9ricain \u00e0 la s\u00e9curit\u00e9 nationale aupr\u00e8s du pr\u00e9sident Trump, John Bolton, en visite mercredi \u00e0 Abou Dhabi, a d\u00e9clar\u00e9 tenir l&rsquo;Iran pour responsable du sabotage, mi-mai, de quatre navires dans le Golfe. Le timing de cette visite n&rsquo;est pas fortuit, devant susciter une vive r\u00e9action des pays du Golfe contre T\u00e9h\u00e9ran et pr\u00e9figurant un d\u00e9ploiement militaire am\u00e9ricain massif dans la r\u00e9gion.<\/p>\n<h2>D&#8217;embl\u00e9e, le ton est donn\u00e9<\/h2>\n<p class=\"c2\"><img loading=\"lazy\" decoding=\"async\" src=\"\/uploads\/FCK_files\/Stand.jpg\" alt=\"\" width=\"700\" vspace=\"5\" align=\"middle\" hspace=\"5\" height=\"525\"\/><\/p>\n<p>D\u00e8s son arriv\u00e9e jeudi apr\u00e8s midi \u00e0 Jeddah, avant de rallier la Mecque, le pr\u00e9sident B\u00e9ji Ca\u00efd Essebsi a pu mesurer la d\u00e9termination saoudienne \u00e0 d\u00e9noncer ces attaques. A l\u2019a\u00e9roport m\u00eame, il a \u00e9t\u00e9 invit\u00e9 \u00e0 visiter un stand sp\u00e9cialement am\u00e9nag\u00e9, exposant des drones arm\u00e9s et des fus\u00e9es tir\u00e9es, utilis\u00e9s par les agresseurs. Entrant dans le pavillon d\u2019honneur, il devait passer devant une s\u00e9rie de panneaux de communication exposant diverses cartes et photos relatives \u00e0 ces attaques. Le ton est donn\u00e9.<\/p>\n<p class=\"c2\"><img loading=\"lazy\" decoding=\"async\" src=\"\/uploads\/FCK_files\/Drones.jpg\" alt=\"\" width=\"700\" vspace=\"5\" align=\"middle\" hspace=\"5\" height=\"525\"\/><\/p>\n<p>La grande s\u00e9quence du sommet arabe extraordinaire se d\u00e9roulera ce jeudi soir, un peu apr\u00e8s minuit, heure de la Mecque (2 heures de d\u00e9calage en avance par rapport \u00e0 Tunis.), au Palais Essafa, sou haute s\u00e9curit\u00e9. En sa qualit\u00e9 de pr\u00e9sident en exercice de la Ligue des Etats arabes, le pr\u00e9sident Ca\u00efd Essebsi aura \u00e0 ouvrir les travaux et prononcer un discours tr\u00e8s attendu par ses pairs. La position de la Tunisie, dont la diplomatie est connue par sa mod\u00e9ration et son sens de l\u2019apaisement servira sans doute de vecteur pour le reste des d\u00e9bats. M\u00eame si tout semble indiquer que le projet de la d\u00e9claration finale du sommet extraordinaire est d\u00e9j\u00e0 tout ficel\u00e9, comme l\u2019aura souhait\u00e9 l\u2019Arabie saoudite. Les chefs d\u2019Etat arabes n\u2019auront qu\u2019\u00e0 l\u2019ent\u00e9riner.<\/p>\n<p>La diplomatie saoudienne entend capitaliser sur cette d\u00e9claration, pour arracher vendredi au sommet islamique, au moins une ferme mise en garde adress\u00e9e \u00e0 l\u2019Iran. T\u00e9h\u00e9ran n\u2019a pas encore dit son dernier mot. Tous les observateurs pr\u00e9sents \u00e0 la Mecque suivront sans doute avec attention la position de l\u2019Iran.<\/p>\n<p><strong>Taoufik Habaieb<\/strong><\/p>\n<p><em><strong>Lire aussi<\/strong><\/em><span class=\"c3\"><strong><a href=\"https:\/\/www.leaders.com.tn\/article\/27219-beji-caid-essebsi-en-mission-d-apaisement-aux-sommets-de-la-mecque%20B%C3%A9ji%20Ca%C3%AFd%20Essebsi%20en%20mission%20d%E2%80%99apaisement%20aux%20sommets%20de%20la%20Mecque%20https:\/\/www.leaders.com.tn\/article\/27191-beji-caid-essebsi-et-salmane-ben-abdelaziz-sommet-arabe-la-mecque%20Trois%20sommets%20d%C3%A8s%20ce%20jeudi%20%C3%A0%20la%20Mecque%20:%20des%20pays%20du%20Golfe,%20arabes%20et%20islamistes%20https:\/\/www.leaders.com.tn\/article\/27218-la-mecque-en-mode-omra-loin-de-s-interesser-aux-sommets-des-pays-du-golfe-arabes-et-islamiques%20La%20Mecque,%20en%20mode%20Omra%20loin%20de%20s%E2%80%99int%C3%A9resser%20aux%20sommets%20des%20pays%20du%20Golfe,%20arabes%20et%20islamiques\"><br \/><\/a><\/strong><\/span><\/p>\n<p>Auteur:<br \/>\n<a href=\"https:\/\/www.leaders.com.tn\/article\/27219-beji-caid-essebsi-en-mission-d-apaisement-aux-sommets-de-la-mecque\">Cliquez ici pour lire l&rsquo;article depuis sa source.<\/a><\/p>\n","protected":false},"excerpt":{"rendered":"<p>La Mecque \u2013 De l\u2019envoy\u00e9 sp\u00e9cial de Leaders, Taoufik Habaieb. Pr\u00e9sident en exercice de la Ligue des Etats arabe, depuis le sommet de Tunis en mars dernier, le pr\u00e9sident B\u00e9ji Ca\u00efd Essebsi n\u2019a pas la t\u00e2che facile aux trois sommets qui se tiennent d\u00e8s ce jeudi soir, 30 mai \u00e0 la Mecque 2019. D\u00e9non\u00e7ant les [&hellip;]<\/p>\n","protected":false},"author":1772,"featured_media":37765,"comment_status":"closed","ping_status":"closed","sticky":false,"template":"","format":"standard","meta":{"fifu_image_url":"","fifu_image_alt":"","footnotes":""},"categories":[73,55],"tags":[],"class_list":["post-37764","post","type-post","status-publish","format-standard","has-post-thumbnail","hentry","category-actualite","category-tunisie"],"_links":{"self":[{"href":"https:\/\/linitiative.ca\/International\/wp-json\/wp\/v2\/posts\/37764","targetHints":{"allow":["GET"]}}],"collection":[{"href":"https:\/\/linitiative.ca\/International\/wp-json\/wp\/v2\/posts"}],"about":[{"href":"https:\/\/linitiative.ca\/International\/wp-json\/wp\/v2\/types\/post"}],"author":[{"embeddable":true,"href":"https:\/\/linitiative.ca\/International\/wp-json\/wp\/v2\/users\/1772"}],"replies":[{"embeddable":true,"href":"https:\/\/linitiative.ca\/International\/wp-json\/wp\/v2\/comments?post=37764"}],"version-history":[{"count":0,"href":"https:\/\/linitiative.ca\/International\/wp-json\/wp\/v2\/posts\/37764\/revisions"}],"wp:featuredmedia":[{"embeddable":true,"href":"https:\/\/linitiative.ca\/International\/wp-json\/"}],"wp:attachment":[{"href":"https:\/\/linitiative.ca\/International\/wp-json\/wp\/v2\/media?parent=37764"}],"wp:term":[{"taxonomy":"category","embeddable":true,"href":"https:\/\/linitiative.ca\/International\/wp-json\/wp\/v2\/categories?post=37764"},{"taxonomy":"post_tag","embeddable":true,"href":"https:\/\/linitiative.ca\/International\/wp-json\/wp\/v2\/tags?post=37764"}],"curies":[{"name":"wp","href":"https:\/\/api.w.org\/{rel}","templated":true}]}}