{"id":37790,"date":"2019-05-30T14:57:01","date_gmt":"2019-05-30T18:57:01","guid":{"rendered":"https:\/\/linitiative.ca\/International\/tunisie-siliana-une-premiere-un-detenu-fete-la-circoncision-de-son-fils-hors-de-la-prison\/"},"modified":"2019-05-30T14:57:01","modified_gmt":"2019-05-30T18:57:01","slug":"tunisie-siliana-une-premiere-un-detenu-fete-la-circoncision-de-son-fils-hors-de-la-prison","status":"publish","type":"post","link":"https:\/\/linitiative.ca\/International\/tunisie-siliana-une-premiere-un-detenu-fete-la-circoncision-de-son-fils-hors-de-la-prison\/","title":{"rendered":"Tunisie \u2013 Siliana\u00a0: Une premi\u00e8re\u00a0: Un d\u00e9tenu f\u00eate la circoncision de son fils hors de la prison"},"content":{"rendered":"<div class=\"post-cont-in left relative\">\n<div class=\"swp_social_panel swp_horizontal_panel swp_flat_fresh swp_default_full_color swp_individual_full_color swp_other_full_color scale-100 scale-\" data-min-width=\"1100\" data-float-color=\"#ffffff\" data-float=\"none\" data-float-mobile=\"none\" data-transition=\"slide\">\n<div class=\"nc_tweetContainer swp_share_button total_shares total_sharesalt\"><span class=\"swp_count\">18 <span class=\"swp_label\">Partages<\/span><\/span><\/div>\n<\/div>\n<p>La direction de la prison de Siliana a autoris\u00e9, pour la premi\u00e8re fois dans l\u2019histoire de la direction p\u00e9nitentiaire, un d\u00e9tenu \u00e0 sortir de l\u2019enceinte de la prison, pour assister \u00e0 la circoncision de son fils et f\u00eater cet \u00e9v\u00e8nement avec sa famille, dans les locaux de l\u2019h\u00f4pital de la ville.<\/p>\n<p>L\u2019\u00e9pouse du d\u00e9tenu a tenu \u00e0 faire part de sa surprise et de sa reconnaissance\u00a0envers la direction de la prison, qui leur a permis de f\u00eater cette occasion ensemble, alors qu\u2019ils\u00a0ne se sont\u00a0plus rencontr\u00e9s sans les barreaux de la prison depuis l\u2019incarc\u00e9ration.<\/p>\n<div class=\"code-block code-block-1 c3\"><ins class=\"adsbygoogle c2\" data-ad-layout=\"in-article\" data-ad-format=\"fluid\" data-ad-client=\"ca-pub-2102118777505746\" data-ad-slot=\"7301775417\"\/> <\/div>\n<div class=\"mvp-org-wrap mvp-org-logo\" itemprop=\"publisher\" itemscope=\"\" itemtype=\"https:\/\/schema.org\/Organization\"><img decoding=\"async\" src=\"https:\/\/www.tunisienumerique.com\/wp-content\/uploads\/2017\/02\/logo_tunisie_numerique.png\"\/><\/div>\n<div class=\"swp_social_panel swp_horizontal_panel swp_flat_fresh swp_default_full_color swp_individual_full_color swp_other_full_color scale-100 scale-\" data-min-width=\"1100\" data-float-color=\"#ffffff\" data-float=\"none\" data-float-mobile=\"none\" data-transition=\"slide\">\n<div class=\"nc_tweetContainer swp_share_button total_shares total_sharesalt\"><span class=\"swp_count\">18 <span class=\"swp_label\">Partages<\/span><\/span><\/div>\n<\/div>\n<div class=\"mvp-related-posts left relative\">\n<h4 class=\"post-header\"><span class=\"post-header\">Lire aussi<\/span><\/h4>\n<\/div>\n<\/div>\n<p>Auteur: LM<br \/>\n<a href=\"https:\/\/www.tunisienumerique.com\/tunisie-siliana-une-premiere-un-detenu-fete-la-circoncision-de-son-fils-hors-de-la-prison\/\">Cliquez ici pour lire l&rsquo;article depuis sa source.<\/a><\/p>\n","protected":false},"excerpt":{"rendered":"<p>18 Partages La direction de la prison de Siliana a autoris\u00e9, pour la premi\u00e8re fois dans l\u2019histoire de la direction p\u00e9nitentiaire, un d\u00e9tenu \u00e0 sortir de l\u2019enceinte de la prison, pour assister \u00e0 la circoncision de son fils et f\u00eater cet \u00e9v\u00e8nement avec sa famille, dans les locaux de l\u2019h\u00f4pital de la ville. L\u2019\u00e9pouse du [&hellip;]<\/p>\n","protected":false},"author":1789,"featured_media":37791,"comment_status":"closed","ping_status":"closed","sticky":false,"template":"","format":"standard","meta":{"fifu_image_url":"","fifu_image_alt":"","footnotes":""},"categories":[73,55],"tags":[],"class_list":["post-37790","post","type-post","status-publish","format-standard","has-post-thumbnail","hentry","category-actualite","category-tunisie"],"_links":{"self":[{"href":"https:\/\/linitiative.ca\/International\/wp-json\/wp\/v2\/posts\/37790","targetHints":{"allow":["GET"]}}],"collection":[{"href":"https:\/\/linitiative.ca\/International\/wp-json\/wp\/v2\/posts"}],"about":[{"href":"https:\/\/linitiative.ca\/International\/wp-json\/wp\/v2\/types\/post"}],"author":[{"embeddable":true,"href":"https:\/\/linitiative.ca\/International\/wp-json\/wp\/v2\/users\/1789"}],"replies":[{"embeddable":true,"href":"https:\/\/linitiative.ca\/International\/wp-json\/wp\/v2\/comments?post=37790"}],"version-history":[{"count":0,"href":"https:\/\/linitiative.ca\/International\/wp-json\/wp\/v2\/posts\/37790\/revisions"}],"wp:featuredmedia":[{"embeddable":true,"href":"https:\/\/linitiative.ca\/International\/wp-json\/"}],"wp:attachment":[{"href":"https:\/\/linitiative.ca\/International\/wp-json\/wp\/v2\/media?parent=37790"}],"wp:term":[{"taxonomy":"category","embeddable":true,"href":"https:\/\/linitiative.ca\/International\/wp-json\/wp\/v2\/categories?post=37790"},{"taxonomy":"post_tag","embeddable":true,"href":"https:\/\/linitiative.ca\/International\/wp-json\/wp\/v2\/tags?post=37790"}],"curies":[{"name":"wp","href":"https:\/\/api.w.org\/{rel}","templated":true}]}}