{"id":37794,"date":"2019-05-30T15:31:38","date_gmt":"2019-05-30T19:31:38","guid":{"rendered":"https:\/\/linitiative.ca\/International\/tunisie-mahdia-demantelement-dune-cellule-terroriste-qui-projetait-denlever-un-homme-daffaires\/"},"modified":"2019-05-30T15:31:38","modified_gmt":"2019-05-30T19:31:38","slug":"tunisie-mahdia-demantelement-dune-cellule-terroriste-qui-projetait-denlever-un-homme-daffaires","status":"publish","type":"post","link":"https:\/\/linitiative.ca\/International\/tunisie-mahdia-demantelement-dune-cellule-terroriste-qui-projetait-denlever-un-homme-daffaires\/","title":{"rendered":"Tunisie \u2013 Mahdia\u00a0: D\u00e9mant\u00e8lement d\u2019une cellule terroriste qui projetait d\u2019enlever un homme d\u2019affaires"},"content":{"rendered":"<div class=\"post-cont-in left relative\">\n<div class=\"swp_social_panel swp_horizontal_panel swp_flat_fresh swp_default_full_color swp_individual_full_color swp_other_full_color scale-100 scale-\" data-min-width=\"1100\" data-float-color=\"#ffffff\" data-float=\"none\" data-float-mobile=\"none\" data-transition=\"slide\">\n<div class=\"nc_tweetContainer swp_share_button total_shares total_sharesalt\"><span class=\"swp_count\">15 <span class=\"swp_label\">Partages<\/span><\/span><\/div>\n<\/div>\n<p>Le porte-parole de la garde nationale a annonc\u00e9 que les agents des brigades sp\u00e9ciales \u00e0 Mahdia ont r\u00e9ussi \u00e0 d\u00e9manteler une cellule terroriste compos\u00e9e de trois individus dirig\u00e9s par un ancien d\u00e9tenu dans l\u2019affaire de Soliman (2006).<\/p>\n<p>Cette cellule op\u00e9rait entre Sfax et Mahdia et a effectu\u00e9 plusieurs cambriolages de maisons de personnes ais\u00e9es et hommes d\u2019affaires, qu\u2019ils avaient \u00e9pi\u00e9s pour connaitre leurs habitudes et les horaires de leurs sorties et rentr\u00e9es.<\/p>\n<div class=\"code-block code-block-1 c3\"><ins class=\"adsbygoogle c2\" data-ad-layout=\"in-article\" data-ad-format=\"fluid\" data-ad-client=\"ca-pub-2102118777505746\" data-ad-slot=\"7301775417\"\/> <\/div>\n<p>Selon le porte-parole de la garde nationale, cette cellule projetait d\u2019enlever un homme d\u2019affaires de la r\u00e9gion, pour demander une ran\u00e7on\u00a0\u00e0 sa famille.<\/p>\n<div class=\"mvp-org-wrap mvp-org-logo\" itemprop=\"publisher\" itemscope=\"\" itemtype=\"https:\/\/schema.org\/Organization\"><img decoding=\"async\" src=\"https:\/\/www.tunisienumerique.com\/wp-content\/uploads\/2017\/02\/logo_tunisie_numerique.png\"\/><\/div>\n<div class=\"swp_social_panel swp_horizontal_panel swp_flat_fresh swp_default_full_color swp_individual_full_color swp_other_full_color scale-100 scale-\" data-min-width=\"1100\" data-float-color=\"#ffffff\" data-float=\"none\" data-float-mobile=\"none\" data-transition=\"slide\">\n<div class=\"nc_tweetContainer swp_share_button total_shares total_sharesalt\"><span class=\"swp_count\">15 <span class=\"swp_label\">Partages<\/span><\/span><\/div>\n<\/div>\n<div class=\"mvp-related-posts left relative\">\n<h4 class=\"post-header\"><span class=\"post-header\">Lire aussi<\/span><\/h4>\n<\/div>\n<\/div>\n<p>Auteur: LM<br \/>\n<a href=\"https:\/\/www.tunisienumerique.com\/tunisie-mahdia-demantelement-dune-cellule-terroriste-qui-projetait-denlever-un-homme-daffaires\/\">Cliquez ici pour lire l&rsquo;article depuis sa source.<\/a><\/p>\n","protected":false},"excerpt":{"rendered":"<p>15 Partages Le porte-parole de la garde nationale a annonc\u00e9 que les agents des brigades sp\u00e9ciales \u00e0 Mahdia ont r\u00e9ussi \u00e0 d\u00e9manteler une cellule terroriste compos\u00e9e de trois individus dirig\u00e9s par un ancien d\u00e9tenu dans l\u2019affaire de Soliman (2006). Cette cellule op\u00e9rait entre Sfax et Mahdia et a effectu\u00e9 plusieurs cambriolages de maisons de personnes [&hellip;]<\/p>\n","protected":false},"author":1789,"featured_media":37795,"comment_status":"closed","ping_status":"closed","sticky":false,"template":"","format":"standard","meta":{"fifu_image_url":"","fifu_image_alt":"","footnotes":""},"categories":[73,55],"tags":[],"class_list":["post-37794","post","type-post","status-publish","format-standard","has-post-thumbnail","hentry","category-actualite","category-tunisie"],"_links":{"self":[{"href":"https:\/\/linitiative.ca\/International\/wp-json\/wp\/v2\/posts\/37794","targetHints":{"allow":["GET"]}}],"collection":[{"href":"https:\/\/linitiative.ca\/International\/wp-json\/wp\/v2\/posts"}],"about":[{"href":"https:\/\/linitiative.ca\/International\/wp-json\/wp\/v2\/types\/post"}],"author":[{"embeddable":true,"href":"https:\/\/linitiative.ca\/International\/wp-json\/wp\/v2\/users\/1789"}],"replies":[{"embeddable":true,"href":"https:\/\/linitiative.ca\/International\/wp-json\/wp\/v2\/comments?post=37794"}],"version-history":[{"count":0,"href":"https:\/\/linitiative.ca\/International\/wp-json\/wp\/v2\/posts\/37794\/revisions"}],"wp:featuredmedia":[{"embeddable":true,"href":"https:\/\/linitiative.ca\/International\/wp-json\/"}],"wp:attachment":[{"href":"https:\/\/linitiative.ca\/International\/wp-json\/wp\/v2\/media?parent=37794"}],"wp:term":[{"taxonomy":"category","embeddable":true,"href":"https:\/\/linitiative.ca\/International\/wp-json\/wp\/v2\/categories?post=37794"},{"taxonomy":"post_tag","embeddable":true,"href":"https:\/\/linitiative.ca\/International\/wp-json\/wp\/v2\/tags?post=37794"}],"curies":[{"name":"wp","href":"https:\/\/api.w.org\/{rel}","templated":true}]}}