{"id":37796,"date":"2019-05-30T15:40:17","date_gmt":"2019-05-30T19:40:17","guid":{"rendered":"https:\/\/linitiative.ca\/International\/tunisie-cinq-ans-de-prison-pour-un-directeur-de-linstitut-pasteur-de-tunis\/"},"modified":"2019-05-30T15:40:17","modified_gmt":"2019-05-30T19:40:17","slug":"tunisie-cinq-ans-de-prison-pour-un-directeur-de-linstitut-pasteur-de-tunis","status":"publish","type":"post","link":"https:\/\/linitiative.ca\/International\/tunisie-cinq-ans-de-prison-pour-un-directeur-de-linstitut-pasteur-de-tunis\/","title":{"rendered":"Tunisie \u2013 Cinq ans de prison pour un directeur de l\u2019institut Pasteur de Tunis"},"content":{"rendered":"<div class=\"post-cont-in left relative\">\n<div class=\"swp_social_panel swp_horizontal_panel swp_flat_fresh swp_default_full_color swp_individual_full_color swp_other_full_color scale-100 scale-\" data-min-width=\"1100\" data-float-color=\"#ffffff\" data-float=\"none\" data-float-mobile=\"none\" data-transition=\"slide\">\n<div class=\"nc_tweetContainer swp_share_button total_shares total_sharesalt\"><span class=\"swp_count\">62 <span class=\"swp_label\">Partages<\/span><\/span><\/div>\n<\/div>\n<p>La Cour pr\u00e8s du p\u00f4le judiciaire financier a \u00e9mis son verdict dans une affaire de malversation financi\u00e8re en rapport avec des transactions entre l\u2019institut Pasteur de Tunis et des laboratoires de fabrication de m\u00e9dicament \u00e0 l\u2019\u00e9tranger.<\/p>\n<p>L\u2019accus\u00e9 dans cette affaire, un directeur de l\u2019Institut, actuellement en fuite, a \u00e9cop\u00e9 d\u2019une condamnation \u00e0 cinq ans de prison.<\/p>\n<div class=\"code-block code-block-1 c3\"><ins class=\"adsbygoogle c2\" data-ad-layout=\"in-article\" data-ad-format=\"fluid\" data-ad-client=\"ca-pub-2102118777505746\" data-ad-slot=\"7301775417\"\/> <\/div>\n<div class=\"mvp-org-wrap mvp-org-logo\" itemprop=\"publisher\" itemscope=\"\" itemtype=\"https:\/\/schema.org\/Organization\"><img decoding=\"async\" src=\"https:\/\/www.tunisienumerique.com\/wp-content\/uploads\/2017\/02\/logo_tunisie_numerique.png\"\/><\/div>\n<div class=\"swp_social_panel swp_horizontal_panel swp_flat_fresh swp_default_full_color swp_individual_full_color swp_other_full_color scale-100 scale-\" data-min-width=\"1100\" data-float-color=\"#ffffff\" data-float=\"none\" data-float-mobile=\"none\" data-transition=\"slide\">\n<div class=\"nc_tweetContainer swp_share_button total_shares total_sharesalt\"><span class=\"swp_count\">62 <span class=\"swp_label\">Partages<\/span><\/span><\/div>\n<\/div>\n<div class=\"mvp-related-posts left relative\">\n<h4 class=\"post-header\"><span class=\"post-header\">Lire aussi<\/span><\/h4>\n<\/div>\n<\/div>\n<p>Auteur: LM<br \/>\n<a href=\"https:\/\/www.tunisienumerique.com\/tunisie-cinq-ans-de-prison-pour-un-directeur-de-linstitut-pasteur-de-tunis\/\">Cliquez ici pour lire l&rsquo;article depuis sa source.<\/a><\/p>\n","protected":false},"excerpt":{"rendered":"<p>62 Partages La Cour pr\u00e8s du p\u00f4le judiciaire financier a \u00e9mis son verdict dans une affaire de malversation financi\u00e8re en rapport avec des transactions entre l\u2019institut Pasteur de Tunis et des laboratoires de fabrication de m\u00e9dicament \u00e0 l\u2019\u00e9tranger. L\u2019accus\u00e9 dans cette affaire, un directeur de l\u2019Institut, actuellement en fuite, a \u00e9cop\u00e9 d\u2019une condamnation \u00e0 cinq [&hellip;]<\/p>\n","protected":false},"author":1789,"featured_media":37797,"comment_status":"closed","ping_status":"closed","sticky":false,"template":"","format":"standard","meta":{"fifu_image_url":"","fifu_image_alt":"","footnotes":""},"categories":[73,55],"tags":[],"class_list":["post-37796","post","type-post","status-publish","format-standard","has-post-thumbnail","hentry","category-actualite","category-tunisie"],"_links":{"self":[{"href":"https:\/\/linitiative.ca\/International\/wp-json\/wp\/v2\/posts\/37796","targetHints":{"allow":["GET"]}}],"collection":[{"href":"https:\/\/linitiative.ca\/International\/wp-json\/wp\/v2\/posts"}],"about":[{"href":"https:\/\/linitiative.ca\/International\/wp-json\/wp\/v2\/types\/post"}],"author":[{"embeddable":true,"href":"https:\/\/linitiative.ca\/International\/wp-json\/wp\/v2\/users\/1789"}],"replies":[{"embeddable":true,"href":"https:\/\/linitiative.ca\/International\/wp-json\/wp\/v2\/comments?post=37796"}],"version-history":[{"count":0,"href":"https:\/\/linitiative.ca\/International\/wp-json\/wp\/v2\/posts\/37796\/revisions"}],"wp:featuredmedia":[{"embeddable":true,"href":"https:\/\/linitiative.ca\/International\/wp-json\/"}],"wp:attachment":[{"href":"https:\/\/linitiative.ca\/International\/wp-json\/wp\/v2\/media?parent=37796"}],"wp:term":[{"taxonomy":"category","embeddable":true,"href":"https:\/\/linitiative.ca\/International\/wp-json\/wp\/v2\/categories?post=37796"},{"taxonomy":"post_tag","embeddable":true,"href":"https:\/\/linitiative.ca\/International\/wp-json\/wp\/v2\/tags?post=37796"}],"curies":[{"name":"wp","href":"https:\/\/api.w.org\/{rel}","templated":true}]}}