{"id":37798,"date":"2019-05-30T15:49:45","date_gmt":"2019-05-30T19:49:45","guid":{"rendered":"https:\/\/linitiative.ca\/International\/tunisie-rades-deuxieme-attaque-contre-le-cafe-de-maher-kammoun\/"},"modified":"2019-05-30T15:49:45","modified_gmt":"2019-05-30T19:49:45","slug":"tunisie-rades-deuxieme-attaque-contre-le-cafe-de-maher-kammoun","status":"publish","type":"post","link":"https:\/\/linitiative.ca\/International\/tunisie-rades-deuxieme-attaque-contre-le-cafe-de-maher-kammoun\/","title":{"rendered":"Tunisie \u2013 Rades\u00a0: Deuxi\u00e8me attaque contre le caf\u00e9 de Maher Kammoun"},"content":{"rendered":"<div class=\"post-cont-in left relative\">\n<div class=\"swp_social_panel swp_horizontal_panel swp_flat_fresh swp_default_full_color swp_individual_full_color swp_other_full_color scale-100 scale-\" data-min-width=\"1100\" data-float-color=\"#ffffff\" data-float=\"none\" data-float-mobile=\"none\" data-transition=\"slide\">\n<div class=\"nc_tweetContainer swp_share_button total_shares total_sharesalt\"><span class=\"swp_count\">77 <span class=\"swp_label\">Partages<\/span><\/span><\/div>\n<\/div>\n<p>L\u2019avocat de Maher Kammoun, dont le caf\u00e9 sis \u00e0 Rades M\u00e9liane avait \u00e9t\u00e9 attaqu\u00e9 il y a cinq jours,par des individus arm\u00e9s de couteaux et de b\u00e2tons, a annonc\u00e9 ce jeudi, que le m\u00eame caf\u00e9 a \u00e9t\u00e9, de nouveau, attaqu\u00e9 par quatre personnes qui ont bless\u00e9 le ma\u00eetre des lieux par arme blanche.<\/p>\n<p>L\u2019avocat a ajout\u00e9 que la police arriv\u00e9e par la suite, a pu appr\u00e9hender quatre des assaillants.<\/p>\n<div class=\"code-block code-block-1 c3\"><ins class=\"adsbygoogle c2\" data-ad-layout=\"in-article\" data-ad-format=\"fluid\" data-ad-client=\"ca-pub-2102118777505746\" data-ad-slot=\"7301775417\"\/> <\/div>\n<p>Pour rappel, le caf\u00e9 en question avait \u00e9t\u00e9 endommag\u00e9\u00a0par de nombreux individus, pr\u00e9sent\u00e9s comme des salafistes. Par la suite, le minist\u00e8re de l\u2019Int\u00e9rieur a d\u00e9menti cette version, assurant qu\u2019il s\u2019agissait de d\u00e9linquants.<\/p>\n<div class=\"mvp-org-wrap mvp-org-logo\" itemprop=\"publisher\" itemscope=\"\" itemtype=\"https:\/\/schema.org\/Organization\"><img decoding=\"async\" src=\"https:\/\/www.tunisienumerique.com\/wp-content\/uploads\/2017\/02\/logo_tunisie_numerique.png\"\/><\/div>\n<div class=\"swp_social_panel swp_horizontal_panel swp_flat_fresh swp_default_full_color swp_individual_full_color swp_other_full_color scale-100 scale-\" data-min-width=\"1100\" data-float-color=\"#ffffff\" data-float=\"none\" data-float-mobile=\"none\" data-transition=\"slide\">\n<div class=\"nc_tweetContainer swp_share_button total_shares total_sharesalt\"><span class=\"swp_count\">77 <span class=\"swp_label\">Partages<\/span><\/span><\/div>\n<\/div>\n<div class=\"mvp-related-posts left relative\">\n<h4 class=\"post-header\"><span class=\"post-header\">Lire aussi<\/span><\/h4>\n<\/div>\n<\/div>\n<p>Auteur: LM<br \/>\n<a href=\"https:\/\/www.tunisienumerique.com\/tunisie-rades-deuxieme-attaque-contre-le-cafe-de-maher-kammoun\/\">Cliquez ici pour lire l&rsquo;article depuis sa source.<\/a><\/p>\n","protected":false},"excerpt":{"rendered":"<p>77 Partages L\u2019avocat de Maher Kammoun, dont le caf\u00e9 sis \u00e0 Rades M\u00e9liane avait \u00e9t\u00e9 attaqu\u00e9 il y a cinq jours,par des individus arm\u00e9s de couteaux et de b\u00e2tons, a annonc\u00e9 ce jeudi, que le m\u00eame caf\u00e9 a \u00e9t\u00e9, de nouveau, attaqu\u00e9 par quatre personnes qui ont bless\u00e9 le ma\u00eetre des lieux par arme blanche. [&hellip;]<\/p>\n","protected":false},"author":1789,"featured_media":37799,"comment_status":"closed","ping_status":"closed","sticky":false,"template":"","format":"standard","meta":{"fifu_image_url":"","fifu_image_alt":"","footnotes":""},"categories":[73,55],"tags":[],"class_list":["post-37798","post","type-post","status-publish","format-standard","has-post-thumbnail","hentry","category-actualite","category-tunisie"],"_links":{"self":[{"href":"https:\/\/linitiative.ca\/International\/wp-json\/wp\/v2\/posts\/37798","targetHints":{"allow":["GET"]}}],"collection":[{"href":"https:\/\/linitiative.ca\/International\/wp-json\/wp\/v2\/posts"}],"about":[{"href":"https:\/\/linitiative.ca\/International\/wp-json\/wp\/v2\/types\/post"}],"author":[{"embeddable":true,"href":"https:\/\/linitiative.ca\/International\/wp-json\/wp\/v2\/users\/1789"}],"replies":[{"embeddable":true,"href":"https:\/\/linitiative.ca\/International\/wp-json\/wp\/v2\/comments?post=37798"}],"version-history":[{"count":0,"href":"https:\/\/linitiative.ca\/International\/wp-json\/wp\/v2\/posts\/37798\/revisions"}],"wp:featuredmedia":[{"embeddable":true,"href":"https:\/\/linitiative.ca\/International\/wp-json\/"}],"wp:attachment":[{"href":"https:\/\/linitiative.ca\/International\/wp-json\/wp\/v2\/media?parent=37798"}],"wp:term":[{"taxonomy":"category","embeddable":true,"href":"https:\/\/linitiative.ca\/International\/wp-json\/wp\/v2\/categories?post=37798"},{"taxonomy":"post_tag","embeddable":true,"href":"https:\/\/linitiative.ca\/International\/wp-json\/wp\/v2\/tags?post=37798"}],"curies":[{"name":"wp","href":"https:\/\/api.w.org\/{rel}","templated":true}]}}