{"id":37803,"date":"2019-05-30T15:05:14","date_gmt":"2019-05-30T19:05:14","guid":{"rendered":"https:\/\/linitiative.ca\/International\/operation-doofu-les-forces-armees-nationales-soutiennent-des-producteurs\/"},"modified":"2019-05-30T15:05:14","modified_gmt":"2019-05-30T19:05:14","slug":"operation-doofu-les-forces-armees-nationales-soutiennent-des-producteurs","status":"publish","type":"post","link":"https:\/\/linitiative.ca\/International\/operation-doofu-les-forces-armees-nationales-soutiennent-des-producteurs\/","title":{"rendered":"Op\u00e9ration Doofu: Les\u00a0 forces arm\u00e9es nationales soutiennent des producteurs"},"content":{"rendered":"<div class=\"td-post-featured-image\"><a href=\"https:\/\/i0.wp.com\/www.sidwaya.info\/wp-content\/uploads\/2019\/05\/02.jpg?fit=700%2C525&#038;ssl=1\" data-caption=\"\"><img loading=\"lazy\" decoding=\"async\" width=\"696\" height=\"522\" class=\"entry-thumb td-modal-image\" src=\"https:\/\/i0.wp.com\/www.sidwaya.info\/wp-content\/uploads\/2019\/05\/02.jpg?resize=696%2C522&#038;ssl=1\" srcset=\"https:\/\/i0.wp.com\/www.sidwaya.info\/wp-content\/uploads\/2019\/05\/02.jpg?w=700&#038;ssl=1 700w, https:\/\/i0.wp.com\/www.sidwaya.info\/wp-content\/uploads\/2019\/05\/02.jpg?resize=300%2C225&#038;ssl=1 300w, https:\/\/i0.wp.com\/www.sidwaya.info\/wp-content\/uploads\/2019\/05\/02.jpg?resize=80%2C60&#038;ssl=1 80w, https:\/\/i0.wp.com\/www.sidwaya.info\/wp-content\/uploads\/2019\/05\/02.jpg?resize=265%2C198&#038;ssl=1 265w, https:\/\/i0.wp.com\/www.sidwaya.info\/wp-content\/uploads\/2019\/05\/02.jpg?resize=696%2C522&#038;ssl=1 696w, https:\/\/i0.wp.com\/www.sidwaya.info\/wp-content\/uploads\/2019\/05\/02.jpg?resize=560%2C420&#038;ssl=1 560w\" sizes=\"auto, (max-width: 696px) 100vw, 696px\" alt=\"\" title=\"02\"\/><\/a><\/div>\n<div class=\"td-a-rec td-a-rec-id-content_top td_uid_30_5cf04ea81836b_rand td_block_template_1\"><img loading=\"lazy\" decoding=\"async\" class=\"aligncenter size-full wp-image-4463\" src=\"https:\/\/www.sidwaya.info\/wp-content\/uploads\/2019\/02\/FESPACO-TOUR-2019-Bannie%CC%80re-728x90-1.jpg\" alt=\"\" width=\"728\" height=\"90\"\/><\/div>\n<p><strong>Dans le cadre des activit\u00e9s civilo-militaires de l\u2019op\u00e9ration \u00ab\u00a0Doofu\u00a0\u00bb, une initiative de lutte contre le terrorisme dans les r\u00e9gions du Centre-Nord, du Nord et du Sahel, les Forces arm\u00e9es nationales ont offert le jeudi 30 mai 2019, lors d\u2019une c\u00e9r\u00e9monie \u00e0 Kaya, des intrants, des semences et des aliments pour b\u00e9tail aux producteurs des r\u00e9gions couvertes par l\u2019op\u00e9ration.<\/strong><\/p>\n<p>20 tonnes de semences, 71 tonnes d\u2019engrais et 40 tonnes d\u2019aliments pour b\u00e9tail\u00a0ont \u00e9t\u00e9 ainsi remis aux producteurs. A travers ce don, <em>\u00ables forces arm\u00e9es nationales, soutenues par le minist\u00e8re de l\u2019Agriculture et des Am\u00e9nagements hydro-agricoles ont voulu exprimer leur solidarit\u00e9 aux agriculteurs et aux \u00e9leveurs sans aucune distinction d\u2019ethnie ni de religion\u00a0\u00bb,<\/em> a relev\u00e9 le chef de la cellule des actions civilo-militaires de l\u2019op\u00e9ration \u00ab\u00a0Doofu\u00a0\u00bb, le capitaine Sanou Christophe Pascal Bakary. Pour lui, cette c\u00e9r\u00e9monie symbolise le lien ind\u00e9fectible qui existe entre les forces arm\u00e9es nationales et le peuple burkinab\u00e8, particuli\u00e8rement entre les troupes de l\u2019op\u00e9ration \u00ab\u00a0doofu\u00a0\u00bb et les populations des r\u00e9gions du Centre-Nord, du Nord et du Sahel.\u00a0\u00bb En plus du don, les forces arm\u00e9es nationales ont apport\u00e9, selon le chef d\u2019\u00e9tat-major g\u00e9n\u00e9ral des arm\u00e9es, le\u00a0 g\u00e9n\u00e9ral de brigade, Mo\u00efse Miningou, de l\u2019assistance m\u00e9dicale aux populations des r\u00e9gions couvertes et sensibiliser les populations sur les questions \u00a0de s\u00e9curit\u00e9.<\/p>\n<p>Saluant la marque de solidarit\u00e9 de l\u2019arm\u00e9e \u00e0 l\u2019endroit des producteurs, Salfo Ou\u00e9draogo, membre de la Chambre r\u00e9gionale d\u2019agriculture (CRA) et porte-parole des b\u00e9n\u00e9ficiaires a rassur\u00e9 du bon usage qui sera fait du don.<\/p>\n<p>En r\u00e9ponse \u00e0 l\u2019ins\u00e9curit\u00e9 grandissante, l\u2019op\u00e9ration \u00ab\u00a0duufo\u00a0\u00bb a d\u00e9but\u00e9 le 11 mai 2019 avec pour objectif d\u2019extirper les forces du mal qui sement la terreur au sein des populations dans les trois r\u00e9gions. Selon le g\u00e9n\u00e9ral Miningou, l\u2019op\u00e9ration devrait \u00e0 terme semer les graines de la prosp\u00e9rit\u00e9, de l\u2019espoir, de la solidarit\u00e9 et du vivre ensemble au sein des populations. C\u2019est pourquoi, il a salu\u00e9 la collaboration des populations qui a permis d\u2019obtenir en 20 jours des r\u00e9sultats appr\u00e9ciables. Aux populations d\u00e9plac\u00e9es, il les a rassur\u00e9s qu\u2019elles peuvent en toute qui\u00e9tude regagner leur habitations et vaquer librement \u00e0 leurs travaux champ\u00eatres.<\/p>\n<p>Augustin Irwaya OUEDRAOGO<\/p>\n<div class=\"td-a-rec td-a-rec-id-content_bottom td_uid_31_5cf04ea818528_rand td_block_template_1\"><img loading=\"lazy\" decoding=\"async\" class=\"alignright size-full wp-image-1724\" src=\"https:\/\/www.sidwaya.info\/wp-content\/uploads\/2018\/12\/sidwaya-pub.jpg\" alt=\"\" width=\"720\" height=\"90\"\/><\/div>\n<p>Auteur: BS. Sidwaya<br \/>\n<a href=\"https:\/\/www.sidwaya.info\/blog\/2019\/05\/30\/operation-doofu-les-forces-armees-nationales-soutiennent-des-producteurs\/\">Cliquez ici pour lire l&rsquo;article depuis sa source.<\/a><\/p>\n","protected":false},"excerpt":{"rendered":"<p>Dans le cadre des activit\u00e9s civilo-militaires de l\u2019op\u00e9ration \u00ab\u00a0Doofu\u00a0\u00bb, une initiative de lutte contre le terrorisme dans les r\u00e9gions du Centre-Nord, du Nord et du Sahel, les Forces arm\u00e9es nationales ont offert le jeudi 30 mai 2019, lors d\u2019une c\u00e9r\u00e9monie \u00e0 Kaya, des intrants, des semences et des aliments pour b\u00e9tail aux producteurs des r\u00e9gions [&hellip;]<\/p>\n","protected":false},"author":1816,"featured_media":0,"comment_status":"closed","ping_status":"closed","sticky":false,"template":"","format":"standard","meta":{"fifu_image_url":"","fifu_image_alt":"","footnotes":""},"categories":[73,81],"tags":[],"class_list":["post-37803","post","type-post","status-publish","format-standard","hentry","category-actualite","category-burkina-faso"],"_links":{"self":[{"href":"https:\/\/linitiative.ca\/International\/wp-json\/wp\/v2\/posts\/37803","targetHints":{"allow":["GET"]}}],"collection":[{"href":"https:\/\/linitiative.ca\/International\/wp-json\/wp\/v2\/posts"}],"about":[{"href":"https:\/\/linitiative.ca\/International\/wp-json\/wp\/v2\/types\/post"}],"author":[{"embeddable":true,"href":"https:\/\/linitiative.ca\/International\/wp-json\/wp\/v2\/users\/1816"}],"replies":[{"embeddable":true,"href":"https:\/\/linitiative.ca\/International\/wp-json\/wp\/v2\/comments?post=37803"}],"version-history":[{"count":0,"href":"https:\/\/linitiative.ca\/International\/wp-json\/wp\/v2\/posts\/37803\/revisions"}],"wp:attachment":[{"href":"https:\/\/linitiative.ca\/International\/wp-json\/wp\/v2\/media?parent=37803"}],"wp:term":[{"taxonomy":"category","embeddable":true,"href":"https:\/\/linitiative.ca\/International\/wp-json\/wp\/v2\/categories?post=37803"},{"taxonomy":"post_tag","embeddable":true,"href":"https:\/\/linitiative.ca\/International\/wp-json\/wp\/v2\/tags?post=37803"}],"curies":[{"name":"wp","href":"https:\/\/api.w.org\/{rel}","templated":true}]}}