{"id":37804,"date":"2019-05-30T17:33:40","date_gmt":"2019-05-30T21:33:40","guid":{"rendered":"https:\/\/linitiative.ca\/International\/employabilite-des-jeunes-dans-la-sissili\/"},"modified":"2019-05-30T17:33:40","modified_gmt":"2019-05-30T21:33:40","slug":"employabilite-des-jeunes-dans-la-sissili","status":"publish","type":"post","link":"https:\/\/linitiative.ca\/International\/employabilite-des-jeunes-dans-la-sissili\/","title":{"rendered":"Employabilit\u00e9 des jeunes dans la Sissili"},"content":{"rendered":"<div class=\"td-post-featured-image\"><a href=\"https:\/\/i1.wp.com\/www.sidwaya.info\/wp-content\/uploads\/2019\/05\/ministrjeun.jpg?fit=787%2C590&#038;ssl=1\" data-caption=\"\"><img loading=\"lazy\" decoding=\"async\" width=\"696\" height=\"522\" class=\"entry-thumb td-modal-image\" src=\"https:\/\/i1.wp.com\/www.sidwaya.info\/wp-content\/uploads\/2019\/05\/ministrjeun.jpg?resize=696%2C522&#038;ssl=1\" srcset=\"https:\/\/i1.wp.com\/www.sidwaya.info\/wp-content\/uploads\/2019\/05\/ministrjeun.jpg?w=787&#038;ssl=1 787w, https:\/\/i1.wp.com\/www.sidwaya.info\/wp-content\/uploads\/2019\/05\/ministrjeun.jpg?resize=300%2C225&#038;ssl=1 300w, https:\/\/i1.wp.com\/www.sidwaya.info\/wp-content\/uploads\/2019\/05\/ministrjeun.jpg?resize=768%2C576&#038;ssl=1 768w, https:\/\/i1.wp.com\/www.sidwaya.info\/wp-content\/uploads\/2019\/05\/ministrjeun.jpg?resize=80%2C60&#038;ssl=1 80w, https:\/\/i1.wp.com\/www.sidwaya.info\/wp-content\/uploads\/2019\/05\/ministrjeun.jpg?resize=265%2C198&#038;ssl=1 265w, https:\/\/i1.wp.com\/www.sidwaya.info\/wp-content\/uploads\/2019\/05\/ministrjeun.jpg?resize=696%2C522&#038;ssl=1 696w, https:\/\/i1.wp.com\/www.sidwaya.info\/wp-content\/uploads\/2019\/05\/ministrjeun.jpg?resize=560%2C420&#038;ssl=1 560w\" sizes=\"auto, (max-width: 696px) 100vw, 696px\" alt=\"\" title=\"ministrjeun\"\/><\/a><\/div>\n<div class=\"td-a-rec td-a-rec-id-content_top td_uid_30_5cf04eac050c5_rand td_block_template_1\"><img loading=\"lazy\" decoding=\"async\" class=\"aligncenter size-full wp-image-4463\" src=\"https:\/\/www.sidwaya.info\/wp-content\/uploads\/2019\/02\/FESPACO-TOUR-2019-Bannie%CC%80re-728x90-1.jpg\" alt=\"\" width=\"728\" height=\"90\"\/><\/div>\n<p><strong>Le ministre de la Jeunesse et de la Promotion de l\u2019entrepreneuriat des jeunes, Salifo Tiemtor\u00e9, a pr\u00e9sid\u00e9, le mardi 28 mai 2019, une c\u00e9r\u00e9monie de remise officielle d\u2019une unit\u00e9 de fabrique d\u2019aliments de b\u00e9tail et de volaille \u00e0 L\u00e9o, dans la province de la Sissili.<\/strong><\/p>\n<p>Dans le cadre du Programme sp\u00e9cial de cr\u00e9ation d\u2019emplois pour les jeunes et les femmes (PSCE\/JF), l\u2019Union des groupements d\u2019\u00e9leveurs \u00abKAWRAN\u00bb de L\u00e9o, dans la Sissili, a b\u00e9n\u00e9fici\u00e9 d\u2019une unit\u00e9 de fabrique d\u2019aliments de b\u00e9tail et de volaille. Le ministre de la Jeunesse et de la Promotion de l\u2019entrepreneuriat des jeunes, Salifo Tiemtor\u00e9, a remis officiellement, le 28 mai 2019, ladite unit\u00e9 compos\u00e9e d\u2019un broyeur, d\u2019un m\u00e9langeur et d\u2019un compteur. Ces \u00e9quipements, selon lui, qui fonctionnent essentiellement avec l\u2019\u00e9nergie solaire et le gasoil, ont co\u00fbt\u00e9 14 239 798 F CFA. L\u2019unit\u00e9 a une capacit\u00e9 de transformation d\u2019au moins une tonne de foug\u00e8res par jour et permettra \u00e0 la soixantaine de membres de l\u2019association de renforcer ses capacit\u00e9s productives et de r\u00e9soudre, un tant soit peu, le probl\u00e8me de transhumance, a-t-il soulign\u00e9. Cette c\u00e9r\u00e9monie, a rench\u00e9ri M. Tiemtor\u00e9, symbolise l\u2019engagement et la d\u00e9termination du gouvernement \u00e0 lutter contre le ch\u00f4mage des jeunes et des femmes. \u00abPermettre aux jeunes et aux femmes de fonder leur r\u00e9ussite sociale sur l\u2019emploi d\u00e9cent est une \u00e9vidente obligation si l\u2019on veut qu\u2019ils exercent des actions de d\u00e9veloppement toujours plus efficaces pour la construction d\u2019une soci\u00e9t\u00e9 d\u2019esp\u00e9rance\u00bb, a-t-il ajout\u00e9. Au-del\u00e0 de cette infrastructure, a mentionn\u00e9 le ministre, il convient de noter que plusieurs actions ont \u00e9t\u00e9 entreprises en faveur de l\u2019\u00e9panouissement et de l\u2019emploi des jeunes de la province de la Sissili.<br \/>Il s\u2019agit, entre autres, de la formation de 90 jeunes \u00e0<br \/>l\u2019entrepreneuriat en 2017, du financement et de la formation de 135 jeunes et femmes \u00e0 l\u2019\u00e9ducation financi\u00e8re dans le cadre du Programme d\u2019autonomisation \u00e9conomique des jeunes et des femmes (PAE\/JF) et de l\u2019octroi de kits d\u2019installation \u00e0 31 jeunes form\u00e9s aux m\u00e9tiers.<\/p>\n<p>47 unit\u00e9s \u00e9conomiques \u00e0 travers le pays<\/p>\n<p>M. Tiemtor\u00e9 a rappel\u00e9 que le PSCE\/JF, tenant compte des potentialit\u00e9s \u00e9cono-miques de chaque province, a construit 29 unit\u00e9s de fabrique d\u2019aliments de b\u00e9tail et de volaille dans 29 provinces du pays et trois unit\u00e9s artisanales de fabrication de viande s\u00e9ch\u00e9e (kilichi) dans le S\u00e9no, le Gourma et le Kourittenga. Il y a \u00e9galement, a-t-il poursuivi, la r\u00e9alisation de trois unit\u00e9s d\u2019\u00e9tuvage de riz dans le Sourou, la Como\u00e9 et le Nahouri, trois unit\u00e9s de production artisanale de soumbala dans les Bal\u00e9, le Zondoma et la Bougouriba, trois unit\u00e9s de fabrique de produits laitiers dans le Baz\u00e8ga, la Gnagna et l\u2019Oudalan, trois unit\u00e9s d\u2019extraction de beurre de karit\u00e9 dans le Nayala, le Ziro et le Ioba et trois unit\u00e9s de transformation de manioc dans le Mouhoun, le K\u00e9n\u00e9dougou et le Poni. Le montant glo-bal de ces 47 unit\u00e9s \u00e9conomiques dans les 45 provinces du pays s\u2019\u00e9l\u00e8ve \u00e0 697 494 116 F CFA. Le maire de la commune de L\u00e9o, Abdoul Manane N\u00e9bi\u00e9 et les responsables coutumiers tels Sa Majest\u00e9 le chef de L\u00e9o et le chef peulh ont tous salu\u00e9 l\u2019initiative et les efforts du gouvernement en faveur des jeunes et des femmes en vue de leur \u00e9panouissement. Tout en encourageant surtout les jeunes \u00e0 \u0153uvrer davantage pour le d\u00e9veloppement de la localit\u00e9, ils ont tous reconnu que cette unit\u00e9 permettra certainement d\u2019am\u00e9liorer leurs conditions de vie. Le repr\u00e9sentant des b\u00e9n\u00e9fi-ciaires, Alidou Barry, a rassur\u00e9 le ministre Tiemtor\u00e9 du bon fonctionnement de l\u2019unit\u00e9. Il a, par ailleurs, solli-cit\u00e9 l\u2019appui du gouvernement pour la s\u00e9curisation du site \u00e0 travers la construction d\u2019une cl\u00f4ture et la r\u00e9alisation d\u2019un forage. Et le mi-nistre de r\u00e9agir : \u00abNous allons de plus en plus penser \u00e0 des projets complets en int\u00e9grant ces diff\u00e9rents volets que les jeunes ont signal\u00e9s. Nous allons rechercher aupr\u00e8s de nos partenaires la possibilit\u00e9 de nous accompagner dans ce sens\u00bb.<\/p>\n<p>Kowoma Marc DOH<br \/>kowomadoh@gmail.com<\/p>\n<div class=\"td-a-rec td-a-rec-id-content_bottom td_uid_31_5cf04eac05252_rand td_block_template_1\"><img loading=\"lazy\" decoding=\"async\" class=\"alignright size-full wp-image-1724\" src=\"https:\/\/www.sidwaya.info\/wp-content\/uploads\/2018\/12\/sidwaya-pub.jpg\" alt=\"\" width=\"720\" height=\"90\"\/><\/div>\n<p>Auteur: BM. Sidwaya<br \/>\n<a href=\"https:\/\/www.sidwaya.info\/blog\/2019\/05\/30\/employabilite-des-jeunes-dans-la-sissili\/\">Cliquez ici pour lire l&rsquo;article depuis sa source.<\/a><\/p>\n","protected":false},"excerpt":{"rendered":"<p>Le ministre de la Jeunesse et de la Promotion de l\u2019entrepreneuriat des jeunes, Salifo Tiemtor\u00e9, a pr\u00e9sid\u00e9, le mardi 28 mai 2019, une c\u00e9r\u00e9monie de remise officielle d\u2019une unit\u00e9 de fabrique d\u2019aliments de b\u00e9tail et de volaille \u00e0 L\u00e9o, dans la province de la Sissili. Dans le cadre du Programme sp\u00e9cial de cr\u00e9ation d\u2019emplois pour [&hellip;]<\/p>\n","protected":false},"author":1816,"featured_media":0,"comment_status":"closed","ping_status":"closed","sticky":false,"template":"","format":"standard","meta":{"fifu_image_url":"","fifu_image_alt":"","footnotes":""},"categories":[73,81],"tags":[],"class_list":["post-37804","post","type-post","status-publish","format-standard","hentry","category-actualite","category-burkina-faso"],"_links":{"self":[{"href":"https:\/\/linitiative.ca\/International\/wp-json\/wp\/v2\/posts\/37804","targetHints":{"allow":["GET"]}}],"collection":[{"href":"https:\/\/linitiative.ca\/International\/wp-json\/wp\/v2\/posts"}],"about":[{"href":"https:\/\/linitiative.ca\/International\/wp-json\/wp\/v2\/types\/post"}],"author":[{"embeddable":true,"href":"https:\/\/linitiative.ca\/International\/wp-json\/wp\/v2\/users\/1816"}],"replies":[{"embeddable":true,"href":"https:\/\/linitiative.ca\/International\/wp-json\/wp\/v2\/comments?post=37804"}],"version-history":[{"count":0,"href":"https:\/\/linitiative.ca\/International\/wp-json\/wp\/v2\/posts\/37804\/revisions"}],"wp:attachment":[{"href":"https:\/\/linitiative.ca\/International\/wp-json\/wp\/v2\/media?parent=37804"}],"wp:term":[{"taxonomy":"category","embeddable":true,"href":"https:\/\/linitiative.ca\/International\/wp-json\/wp\/v2\/categories?post=37804"},{"taxonomy":"post_tag","embeddable":true,"href":"https:\/\/linitiative.ca\/International\/wp-json\/wp\/v2\/tags?post=37804"}],"curies":[{"name":"wp","href":"https:\/\/api.w.org\/{rel}","templated":true}]}}