{"id":37807,"date":"2019-05-30T14:18:03","date_gmt":"2019-05-30T18:18:03","guid":{"rendered":"https:\/\/linitiative.ca\/International\/football-lasec-mimosas-et-son-entraineur-se-separent-a-lamiable\/"},"modified":"2019-05-30T14:18:03","modified_gmt":"2019-05-30T18:18:03","slug":"football-lasec-mimosas-et-son-entraineur-se-separent-a-lamiable","status":"publish","type":"post","link":"https:\/\/linitiative.ca\/International\/football-lasec-mimosas-et-son-entraineur-se-separent-a-lamiable\/","title":{"rendered":"Football: l\u2019Asec Mimosas et son entra\u00eeneur se s\u00e9parent \u00e0  \u00abl\u2019amiable\u00bb"},"content":{"rendered":"<div readability=\"32\">\n<p>Publi\u00e9 le 30.05.2019 \u00e0 19h18 par APA News<\/p>\n<\/div>\n<div readability=\"60\">\n<p>L\u2019Asec Mimosas et son entra\u00eeneur principal, C\u00e9sar Amani Yao Lambert ont conclu, mercredi, \u00abun accord de s\u00e9paration \u00e0 l\u2019amiable\u00bb, rapporte un communiqu\u00e9 du Pr\u00e9sident du Conseil d\u2019Administration, Me Roget Ou\u00e9gnin, disponible sur le site officiel du club.\u00ab Cette s\u00e9paration prendra effet \u00e0 compter du vendredi 31 Mai 2019 \u00bb, pr\u00e9cise Me Roger Ou\u00e9gnin, traduisant les remerciements du club \u00e0 l\u2019ex-coach \u00a0\u00ab pour tout le travail abattu au cours des 3 derni\u00e8res saisons \u00bb.<\/p>\n<p>\u00a0Le magnifique tripl\u00e9 (Ligue 1 \u2013 Coupe Nationale \u2013 Super Coupe F\u00e9lix Houphou\u00ebt Boigny), r\u00e9alis\u00e9 lors de la saison 2017-2018, rappelle-t-il, \u00a0\u00abrestera \u00e0 jamais grav\u00e9 dans l\u2019histoire de notre club \u00bb.<\/p>\n<p>\u00ab La nouvelle organisation de la Section Football du club sera pr\u00e9sent\u00e9e dans les prochaines semaines \u00bb, conclut le dirigeant en souhaitant au technicien \u00abplein succ\u00e8s pour la poursuite de sa carri\u00e8re \u00bb .<\/p>\n<p>L\u2019Asec Mimosas, champion sortant, a termin\u00e9 la saison au 3\u00e8 rang du podium derri\u00e8re FC San-Pedro et la Soa.<\/p>\n<\/div>\n<p>Auteur: APA News<br \/>\n<a href=\"https:\/\/www.journalducameroun.com\/football-lasec-mimosas-et-son-entraineur-se-separent-a-lamiable\/\">Cliquez ici pour lire l&rsquo;article depuis sa source.<\/a><\/p>\n","protected":false},"excerpt":{"rendered":"<p>Publi\u00e9 le 30.05.2019 \u00e0 19h18 par APA News L\u2019Asec Mimosas et son entra\u00eeneur principal, C\u00e9sar Amani Yao Lambert ont conclu, mercredi, \u00abun accord de s\u00e9paration \u00e0 l\u2019amiable\u00bb, rapporte un communiqu\u00e9 du Pr\u00e9sident du Conseil d\u2019Administration, Me Roget Ou\u00e9gnin, disponible sur le site officiel du club.\u00ab Cette s\u00e9paration prendra effet \u00e0 compter du vendredi 31 Mai [&hellip;]<\/p>\n","protected":false},"author":1965,"featured_media":0,"comment_status":"closed","ping_status":"closed","sticky":false,"template":"","format":"standard","meta":{"fifu_image_url":"","fifu_image_alt":"","footnotes":""},"categories":[73,82],"tags":[],"class_list":["post-37807","post","type-post","status-publish","format-standard","hentry","category-actualite","category-cameroun"],"_links":{"self":[{"href":"https:\/\/linitiative.ca\/International\/wp-json\/wp\/v2\/posts\/37807","targetHints":{"allow":["GET"]}}],"collection":[{"href":"https:\/\/linitiative.ca\/International\/wp-json\/wp\/v2\/posts"}],"about":[{"href":"https:\/\/linitiative.ca\/International\/wp-json\/wp\/v2\/types\/post"}],"author":[{"embeddable":true,"href":"https:\/\/linitiative.ca\/International\/wp-json\/wp\/v2\/users\/1965"}],"replies":[{"embeddable":true,"href":"https:\/\/linitiative.ca\/International\/wp-json\/wp\/v2\/comments?post=37807"}],"version-history":[{"count":0,"href":"https:\/\/linitiative.ca\/International\/wp-json\/wp\/v2\/posts\/37807\/revisions"}],"wp:attachment":[{"href":"https:\/\/linitiative.ca\/International\/wp-json\/wp\/v2\/media?parent=37807"}],"wp:term":[{"taxonomy":"category","embeddable":true,"href":"https:\/\/linitiative.ca\/International\/wp-json\/wp\/v2\/categories?post=37807"},{"taxonomy":"post_tag","embeddable":true,"href":"https:\/\/linitiative.ca\/International\/wp-json\/wp\/v2\/tags?post=37807"}],"curies":[{"name":"wp","href":"https:\/\/api.w.org\/{rel}","templated":true}]}}