{"id":37808,"date":"2019-05-30T14:18:06","date_gmt":"2019-05-30T18:18:06","guid":{"rendered":"https:\/\/linitiative.ca\/International\/distribution-de-kits-alimentaires-a-des-couches-vulnerable-dabidjan-et-bassam-par-la-fondation-djigui\/"},"modified":"2019-05-30T14:18:06","modified_gmt":"2019-05-30T18:18:06","slug":"distribution-de-kits-alimentaires-a-des-couches-vulnerable-dabidjan-et-bassam-par-la-fondation-djigui","status":"publish","type":"post","link":"https:\/\/linitiative.ca\/International\/distribution-de-kits-alimentaires-a-des-couches-vulnerable-dabidjan-et-bassam-par-la-fondation-djigui\/","title":{"rendered":"Distribution de kits alimentaires \u00e0 des couches vuln\u00e9rable d\u2019Abidjan et Bassam par la Fondation Djigui"},"content":{"rendered":"<div readability=\"32\">\n<p>Publi\u00e9 le 30.05.2019 \u00e0 19h18 par APA News<\/p>\n<\/div>\n<div readability=\"103\">\n<p>La Fondation Djigui La Grande Esp\u00e9rance a organis\u00e9, jeudi, une op\u00e9ration de distribution de kits alimentaires pour soulager des couches vuln\u00e9rables d\u2019Abidjan et de Grand-Bassam, a constat\u00e9 APA sur place dans la capitale \u00e9conomique ivoirienne.Cette op\u00e9ration, la 5\u00e8 du genre, qui s\u2019inscrit dans le cadre du Programme d\u2019aide et d\u2019assistance aux couches vuln\u00e9rables, notamment des orphelins et des enfants rendus vuln\u00e9rables du fait du Vih\/Sida, s\u2019est d\u00e9roul\u00e9e simultan\u00e9ment sur deux sites, l\u2019un dans la commune d\u2019Att\u00e9coub\u00e9 (Ouest d\u2019Abidjan) et l\u2019autre dans la ville baln\u00e9aire de Grand-Bassam (Sud d\u2019Abidjan).<\/p>\n<p>Ce sont au total pr\u00e8s de 200 familles dont 160 \u00e0 Abidjan qui ont re\u00e7u chacune un kit alimentaire compos\u00e9 de riz, du sucre, du lait et d\u2019huile, a expliqu\u00e9 au cours de la c\u00e9r\u00e9monie de remise de ces dons dans les locaux du Centre social d\u2019Att\u00e9coub\u00e9, Malick Bakayoko qui repr\u00e9sentait le Pr\u00e9sident du Conseil d\u2019administration de la Fondation Djigui La Grande Esp\u00e9rance.<\/p>\n<p>Poursuivant, M. Bakayoko a remerci\u00e9 les partenaires de la Fondation qui ont permis de r\u00e9unir ces dons au grand bonheur de la cible pendant ce mois de Ramadan.<\/p>\n<p>Depuis le lundi 06 mai dernier, les musulmans de C\u00f4te d\u2019Ivoire observent le mois b\u00e9ni de Ramadan qui a vu la r\u00e9v\u00e9lation du Saint Coran au Proph\u00e8te de l\u2019Islam, Mohammed (Paix et salut d\u2019Allah sur Lui). Repr\u00e9sentant le 9\u00e8me mois lunaire, le Ramadan est \u00e9galement accueilli en tant que p\u00e9riode de grande g\u00e9n\u00e9rosit\u00e9, de solidarit\u00e9 et de partage.<\/p>\n<p>\u00abVous pouvez compter sur la disponibilit\u00e9 de la Fondation Djigui La Grande Esp\u00e9rance dont les actions sont essentiellement orient\u00e9es vers le social, pour continuer cette action de solidarit\u00e9 \u00bb, a-t-il rassur\u00e9 les b\u00e9n\u00e9ficiaires qui ont \u00e9t\u00e9 choisis sans distinction d\u2019ethnie ni de religion.<\/p>\n<p>Etreinte par l\u2019\u00e9motion, la porte-parole des b\u00e9n\u00e9ficiaires, Brigitte Mobio, a salu\u00e9 cette \u00abaction de soulagement\u00bb pour de nombreuses familles et leurs enfants avant de formuler des b\u00e9n\u00e9dictions pour le Pr\u00e9sident du Conseil d\u2019administration de la Fondation Djigui La Grande Esp\u00e9rance, l\u2019Imam Ciss\u00e9 Djiguiba et ses collaborateurs.<\/p>\n<p>Cr\u00e9\u00e9e le 04 d\u00e9cembre 2001, la Fondation Djigui La Grande Esp\u00e9rance, est une organisation non gouvernementale \u00e0 caract\u00e8re social qui vise essentiellement \u00e0 contribuer \u00e0 l\u2019am\u00e9lioration du bien-\u00eatre des populations.<\/p>\n<p>Ses axes id\u00e9ologiques reposent sur la foi, la solidarit\u00e9 et le d\u00e9veloppement pour contribuer \u00e0 l\u2019\u00e9veil des consciences par l\u2019information, la sensibilisation et l\u2019\u00e9ducation ainsi qu\u2019au renforcement des capacit\u00e9s structurelles des partenaires et communautaires des populations cibles.<\/p>\n<p>Cette Fondation \u00a0contribue \u00e9galement \u00a0\u00e0 la lutte contre le Vih\/sida et les autres pand\u00e9mies, \u00e0 la prise en charge des orphelins et autres enfants rendus vuln\u00e9rables (OEV).<\/p>\n<p>La lutte contre les violences bas\u00e9es sur le genre et toutes formes de pratiques traditionnelles affectant la sant\u00e9 et le bien-\u00eatre des femmes ainsi que la lutte contre la pauvret\u00e9 par la prise en charge des personnes du 3\u00e8me \u00e2ge et l\u2019assistance aux populations vuln\u00e9rables et d\u00e9munies, figurent \u00e9galement en bonne place des objectifs de la Fondation Djigui La Grande Esp\u00e9rance.<\/p>\n<\/div>\n<p>Auteur: APA News<br \/>\n<a href=\"https:\/\/www.journalducameroun.com\/distribution-de-kits-alimentaires-a-des-couches-vulnerable-dabidjan-et-bassam-par-la-fondation-djigui\/\">Cliquez ici pour lire l&rsquo;article depuis sa source.<\/a><\/p>\n","protected":false},"excerpt":{"rendered":"<p>Publi\u00e9 le 30.05.2019 \u00e0 19h18 par APA News La Fondation Djigui La Grande Esp\u00e9rance a organis\u00e9, jeudi, une op\u00e9ration de distribution de kits alimentaires pour soulager des couches vuln\u00e9rables d\u2019Abidjan et de Grand-Bassam, a constat\u00e9 APA sur place dans la capitale \u00e9conomique ivoirienne.Cette op\u00e9ration, la 5\u00e8 du genre, qui s\u2019inscrit dans le cadre du Programme [&hellip;]<\/p>\n","protected":false},"author":1965,"featured_media":0,"comment_status":"closed","ping_status":"closed","sticky":false,"template":"","format":"standard","meta":{"fifu_image_url":"","fifu_image_alt":"","footnotes":""},"categories":[73,82],"tags":[],"class_list":["post-37808","post","type-post","status-publish","format-standard","hentry","category-actualite","category-cameroun"],"_links":{"self":[{"href":"https:\/\/linitiative.ca\/International\/wp-json\/wp\/v2\/posts\/37808","targetHints":{"allow":["GET"]}}],"collection":[{"href":"https:\/\/linitiative.ca\/International\/wp-json\/wp\/v2\/posts"}],"about":[{"href":"https:\/\/linitiative.ca\/International\/wp-json\/wp\/v2\/types\/post"}],"author":[{"embeddable":true,"href":"https:\/\/linitiative.ca\/International\/wp-json\/wp\/v2\/users\/1965"}],"replies":[{"embeddable":true,"href":"https:\/\/linitiative.ca\/International\/wp-json\/wp\/v2\/comments?post=37808"}],"version-history":[{"count":0,"href":"https:\/\/linitiative.ca\/International\/wp-json\/wp\/v2\/posts\/37808\/revisions"}],"wp:attachment":[{"href":"https:\/\/linitiative.ca\/International\/wp-json\/wp\/v2\/media?parent=37808"}],"wp:term":[{"taxonomy":"category","embeddable":true,"href":"https:\/\/linitiative.ca\/International\/wp-json\/wp\/v2\/categories?post=37808"},{"taxonomy":"post_tag","embeddable":true,"href":"https:\/\/linitiative.ca\/International\/wp-json\/wp\/v2\/tags?post=37808"}],"curies":[{"name":"wp","href":"https:\/\/api.w.org\/{rel}","templated":true}]}}