{"id":37809,"date":"2019-05-30T14:50:02","date_gmt":"2019-05-30T18:50:02","guid":{"rendered":"https:\/\/linitiative.ca\/International\/nouveaux-raids-du-regime-syrien-sur-idleb-sept-civils-tues-dont-des-enfants-ong\/"},"modified":"2019-05-30T14:50:02","modified_gmt":"2019-05-30T18:50:02","slug":"nouveaux-raids-du-regime-syrien-sur-idleb-sept-civils-tues-dont-des-enfants-ong","status":"publish","type":"post","link":"https:\/\/linitiative.ca\/International\/nouveaux-raids-du-regime-syrien-sur-idleb-sept-civils-tues-dont-des-enfants-ong\/","title":{"rendered":"Nouveaux raids du r\u00e9gime syrien sur Idleb, sept civils tu\u00e9s dont des enfants (ONG)"},"content":{"rendered":"<div readability=\"32\">\n<p>Publi\u00e9 le 30.05.2019 \u00e0 19h50 par AFP<\/p>\n<\/div>\n<div readability=\"105\">\n<p>Au moins sept civils, dont quatre enfants, ont p\u00e9ri dans de nouvelles frappes jeudi de l\u2019aviation du r\u00e9gime syrien contre les territoires jihadistes dans la province d\u2019Idleb, dans le nord-ouest de la Syrie, o\u00f9 le bilan des victimes civiles ne cesse d\u2019augmenter, selon une ONG.<\/p>\n<p>La grande partie de la r\u00e9gion d\u2019Idleb, ainsi que des secteurs des provinces voisines de Hama, d\u2019Alep et de Lattaqui\u00e9, sont tenues par l\u2019organisation jihadiste Hayat Tahrir al-Cham (HTS, ex-branche d\u2019Al-Qa\u00efda).<\/p>\n<p>Selon le directeur de l\u2019Observatoire syrien des droits de l\u2019Homme (OSDH), Rami Abdel Rahmane, sept civils ont \u00e9t\u00e9 tu\u00e9s dans les raids a\u00e9riens du r\u00e9gime, dont cinq dans la localit\u00e9 de Maaret al-Noomane, parmi lesquels quatre enfants.<\/p>\n<p>Il a n\u00e9anmoins soulign\u00e9 que l\u2019intensit\u00e9 des frappes avait baiss\u00e9 jeudi, \u00ab\u00a0compar\u00e9 aux jours pr\u00e9c\u00e9dents\u00a0\u00bb.<\/p>\n<p>Les avions de l\u2019alli\u00e9 russe du r\u00e9gime ont de leur c\u00f4t\u00e9 bombard\u00e9 d\u2019autres localit\u00e9s de la province d\u2019Idleb sans faire de victimes, a pr\u00e9cis\u00e9 l\u2019ONG qui s\u2019appuie sur un vaste r\u00e9seau de sources dans le pays en guerre depuis 2011.<\/p>\n<p>Les frappes du r\u00e9gime ont notamment vis\u00e9 un quartier r\u00e9sidentiel de Maaret al-Noomane, o\u00f9 un immeuble s\u2019est effondr\u00e9 sur ses locataires, tuant et blessant plusieurs d\u2019entre eux, selon un photographe de l\u2019AFP sur place. La majorit\u00e9 des r\u00e9sidents dormaient encore au moment de la frappe survenue t\u00f4t le matin.<\/p>\n<p>Des secouristes ont sorti un adolescent au visage ensanglant\u00e9 mort sur son lit apr\u00e8s la chute d\u2019un bloc de b\u00e9ton. A c\u00f4t\u00e9, son fr\u00e8re coinc\u00e9 sous les d\u00e9combres \u00e9tait toujours en vie.<\/p>\n<p>Malgr\u00e9 les appels \u00e0 la d\u00e9sescalade lanc\u00e9s par Washington et les Nations unies, le r\u00e9gime et son alli\u00e9 russe ont poursuivi leurs raids quotidiens sur les secteurs jihadistes.<\/p>\n<p>Depuis dimanche, plus de 80 civils ont \u00e9t\u00e9 tu\u00e9s, d\u2019apr\u00e8s l\u2019OSDH.<\/p>\n<p>Si le r\u00e9gime n\u2019a pas officiellement annonc\u00e9 une offensive \u00e0 proprement parler contre HTS, il a intensifi\u00e9 les bombardements et livr\u00e9 des combats au sol, reprenant des zones \u00e0 la p\u00e9riph\u00e9rie de la province d\u2019Idleb, dernier grand fief jihadiste en Syrie.<\/p>\n<p>Soutenu par la Russie et l\u2019Iran, le pouvoir syrien a multipli\u00e9 ces deux derni\u00e8res ann\u00e9es les victoires face aux rebelles et aux jihadistes, jusqu\u2019\u00e0 reprendre pr\u00e8s de 60% du territoire.<\/p>\n<p>Selon l\u2019OSDH, plus de 285 civils ont \u00e9t\u00e9 tu\u00e9s depuis fin avril par les frappes sur la province d\u2019Idleb et les secteurs jihadistes limitrophes. Plus d\u2019une trentaine d\u2019h\u00f4pitaux et \u00e9coles ont en outre \u00e9t\u00e9 mis hors-service, d\u2019apr\u00e8s l\u2019ONU.<\/p>\n<p>D\u00e9clench\u00e9e en 2011, la guerre en Syrie a fait plus de 370.000 morts.<\/p>\n<\/div>\n<p>Auteur: AFP<br \/>\n<a href=\"https:\/\/www.journalducameroun.com\/nouveaux-raids-du-regime-syrien-sur-idleb-sept-civils-tues-dont-des-enfants-ong\/\">Cliquez ici pour lire l&rsquo;article depuis sa source.<\/a><\/p>\n","protected":false},"excerpt":{"rendered":"<p>Publi\u00e9 le 30.05.2019 \u00e0 19h50 par AFP Au moins sept civils, dont quatre enfants, ont p\u00e9ri dans de nouvelles frappes jeudi de l\u2019aviation du r\u00e9gime syrien contre les territoires jihadistes dans la province d\u2019Idleb, dans le nord-ouest de la Syrie, o\u00f9 le bilan des victimes civiles ne cesse d\u2019augmenter, selon une ONG. La grande partie [&hellip;]<\/p>\n","protected":false},"author":1965,"featured_media":0,"comment_status":"closed","ping_status":"closed","sticky":false,"template":"","format":"standard","meta":{"fifu_image_url":"","fifu_image_alt":"","footnotes":""},"categories":[73,82],"tags":[],"class_list":["post-37809","post","type-post","status-publish","format-standard","hentry","category-actualite","category-cameroun"],"_links":{"self":[{"href":"https:\/\/linitiative.ca\/International\/wp-json\/wp\/v2\/posts\/37809","targetHints":{"allow":["GET"]}}],"collection":[{"href":"https:\/\/linitiative.ca\/International\/wp-json\/wp\/v2\/posts"}],"about":[{"href":"https:\/\/linitiative.ca\/International\/wp-json\/wp\/v2\/types\/post"}],"author":[{"embeddable":true,"href":"https:\/\/linitiative.ca\/International\/wp-json\/wp\/v2\/users\/1965"}],"replies":[{"embeddable":true,"href":"https:\/\/linitiative.ca\/International\/wp-json\/wp\/v2\/comments?post=37809"}],"version-history":[{"count":0,"href":"https:\/\/linitiative.ca\/International\/wp-json\/wp\/v2\/posts\/37809\/revisions"}],"wp:attachment":[{"href":"https:\/\/linitiative.ca\/International\/wp-json\/wp\/v2\/media?parent=37809"}],"wp:term":[{"taxonomy":"category","embeddable":true,"href":"https:\/\/linitiative.ca\/International\/wp-json\/wp\/v2\/categories?post=37809"},{"taxonomy":"post_tag","embeddable":true,"href":"https:\/\/linitiative.ca\/International\/wp-json\/wp\/v2\/tags?post=37809"}],"curies":[{"name":"wp","href":"https:\/\/api.w.org\/{rel}","templated":true}]}}