{"id":37812,"date":"2019-05-30T15:50:05","date_gmt":"2019-05-30T19:50:05","guid":{"rendered":"https:\/\/linitiative.ca\/International\/cachez-ce-navire-que-trump-ne-saurait-voir\/"},"modified":"2019-05-30T15:50:05","modified_gmt":"2019-05-30T19:50:05","slug":"cachez-ce-navire-que-trump-ne-saurait-voir","status":"publish","type":"post","link":"https:\/\/linitiative.ca\/International\/cachez-ce-navire-que-trump-ne-saurait-voir\/","title":{"rendered":"Cachez ce navire que Trump ne saurait voir"},"content":{"rendered":"<div readability=\"32\">\n<p>Publi\u00e9 le 30.05.2019 \u00e0 20h50 par AFP<\/p>\n<\/div>\n<div readability=\"140\">\n<p>Le chef du Pentagone s\u2019est \u00e9mu jeudi des informations selon lesquelles la Maison Blanche a demand\u00e9 \u00e0 l\u2019occasion de la r\u00e9cente visite de Donald Trump au Japon \u00e0 ce qu\u2019un navire am\u00e9ricain baptis\u00e9 du nom de feu le s\u00e9nateur John McCain, qu\u2019il d\u00e9testait, soit tenu hors de la vue du pr\u00e9sident.<\/p>\n<p>\u00ab\u00a0Je n\u2019ai jamais autoris\u00e9 ni approuv\u00e9 aucune action ou mouvement de quelque sorte concernant ce navire\u00a0\u00bb, a d\u00e9clar\u00e9 le ministre de la D\u00e9fense par int\u00e9rim Patrick Shanahan, qui effectue justement une tourn\u00e9e en Asie.<\/p>\n<p>\u00ab\u00a0En outre, jamais je n\u2019aurais d\u00e9shonor\u00e9 la m\u00e9moire d\u2019un grand patriote comme John McCain\u00a0\u00bb, a pr\u00e9cis\u00e9 M. Shanahan dans l\u2019avion qui l\u2019acheminait \u00e0 Singapour, o\u00f9 il doit participer \u00e0 une conf\u00e9rence r\u00e9gionale de d\u00e9fense.<\/p>\n<p>Selon le Wall Street Journal, le nom du destroyer lance-missiles USS McCain, endommag\u00e9 dans une collision en 2017, a \u00e9t\u00e9 temporairement masqu\u00e9 pour r\u00e9pondre \u00e0 une demande de la pr\u00e9sidence am\u00e9ricaine.<\/p>\n<p>\u00ab\u00a0L\u2019USS John McCain ne doit pas \u00eatre \u00e0 port\u00e9e de vue\u00a0\u00bb, a demand\u00e9 avant la visite pr\u00e9sidentielle un responsable militaire am\u00e9ricain dans un courriel consult\u00e9 par le quotidien.<\/p>\n<p>En r\u00e9paration \u00e0 la base navale am\u00e9ricaine de Yokosuka, o\u00f9 Donald Trump a prononc\u00e9 mardi un discours \u00e0 bord d\u2019une autre embarcation, le navire en question \u00e9tait difficilement d\u00e9pla\u00e7able.<\/p>\n<p>Son nom a donc \u00e9t\u00e9 masqu\u00e9 par une b\u00e2che et ses marins mis en cong\u00e9 pour la journ\u00e9e, \u00e9crit le Wall Street Journal, citant des sources proches. La b\u00e2che a \u00e9t\u00e9 enlev\u00e9e par la suite pour une raison ind\u00e9termin\u00e9e et une embarcation d\u00e9plac\u00e9e pour bloquer la vue du navire.<\/p>\n<p>\u00ab\u00a0Tous les bateaux ont gard\u00e9 leur emplacement habituel pendant la visite du pr\u00e9sident\u00a0\u00bb, a assur\u00e9 \u00e0 l\u2019AFP un porte-parole de la 7e Flotte, ajoutant que les photos montrant la pr\u00e9sence d\u2019une b\u00e2che avaient \u00e9t\u00e9 prises avant l\u2019arriv\u00e9e de Donald Trump.<\/p>\n<p>\u00ab\u00a0Je n\u2019ai \u00e9t\u00e9 inform\u00e9 de rien en rapport avec le navire de la Marine USS John S. McCain lors de ma r\u00e9cente visite au Japon\u00a0\u00bb, a imm\u00e9diatement r\u00e9agi le pr\u00e9sident des Etats-Unis sur Twitter mercredi soir.<\/p>\n<p>\u2013 \u00ab\u00a0Pas au courant\u00a0\u00bb \u2013<\/p>\n<p>M. Shanahan, mis en cause par le WSJ, a d\u2019abord fait savoir par la voix d\u2019un porte-parole qu\u2019il \u00ab\u00a0n\u2019\u00e9tait pas au courant de la consigne de d\u00e9placer l\u2019USS John S. McCain, ni des raisons qui ont motiv\u00e9 cette directive\u00a0\u00bb.<\/p>\n<p>Questionn\u00e9 \u00e0 Jakarta au cours d\u2019un point de presse avec son homologue indon\u00e9sien Ryamizard Ryacudu, il a d\u00e9menti en personne avoir \u00e9t\u00e9 au courant. \u00ab\u00a0C\u2019est la premi\u00e8re fois que j\u2019en entends parler. Je dois en savoir un peu plus\u00a0\u00bb, a-t-il dit.<\/p>\n<p>Il est ensuite revenu sur le sujet apr\u00e8s son d\u00e9part de Jakarta, soulignant qu\u2019il n\u2019aurait \u00ab\u00a0jamais manqu\u00e9 de respect aux hommes et femmes de l\u2019\u00e9quipage de ce navire\u00a0\u00bb.<\/p>\n<p>Il a pr\u00e9cis\u00e9 avoir charg\u00e9 son chef de cabinet d\u2019enqu\u00eater sur cette affaire. \u00ab\u00a0Les militaires doivent faire leur travail et leur travail, c\u2019est de ne pas se m\u00ealer de politique\u00a0\u00bb, a-t-il ajout\u00e9.<\/p>\n<p>Donald Trump et John McCain n\u2019ont jamais cach\u00e9 leur m\u00e9pris mutuel. Le milliardaire, exempt\u00e9 du service militaire, avait moqu\u00e9 en 2015 le statut de h\u00e9ros de la guerre du Vietnam de l\u2019ancien s\u00e9nateur r\u00e9publicain, fait prisonnier et tortur\u00e9 pendant cinq ans.<\/p>\n<p>Figure respect\u00e9e de la politique am\u00e9ricaine, celui-ci avait retir\u00e9 son soutien au candidat r\u00e9publicain \u00e0 l\u2019\u00e9lection pr\u00e9sidentielle de 2016.<\/p>\n<p>M. McCain est d\u00e9c\u00e9d\u00e9 d\u2019un cancer du cerveau le 25 ao\u00fbt 2018 \u00e0 l\u2019\u00e2ge de 81 ans. Il avait fait savoir avant sa mort qu\u2019il ne souhaitait pas que l\u2019actuel pr\u00e9sident assiste \u00e0 ses obs\u00e8ques.<\/p>\n<p>M. Trump s\u2019est attaqu\u00e9 depuis \u00e0 plusieurs reprises \u00e0 l\u2019ancien pilote de chasse. \u00ab\u00a0Je n\u2019ai jamais \u00e9t\u00e9 un grand fan de John McCain et je ne le serai jamais\u00a0\u00bb, avait-il notamment encore d\u00e9clar\u00e9 en mars.<\/p>\n<p>\u00ab\u00a0Trump est un enfant qui se sentira toujours profond\u00e9ment menac\u00e9 par la vie incroyable de mon p\u00e8re\u00a0\u00bb, a d\u00e9nonc\u00e9 mercredi Meghan McCain, la fille de John McCain.<\/p>\n<p>\u00ab\u00a0On me critique beaucoup pour trop parler de mon p\u00e8re, mais neuf mois apr\u00e8s sa mort, Trump ne le laisse pas reposer en paix. Je me dois donc de le d\u00e9fendre. Cela rend mon deuil insupportable\u00a0\u00bb, a-t-elle ajout\u00e9.<\/p>\n<\/div>\n<p>Auteur: AFP<br \/>\n<a href=\"https:\/\/www.journalducameroun.com\/cachez-ce-navire-que-trump-ne-saurait-voir\/\">Cliquez ici pour lire l&rsquo;article depuis sa source.<\/a><\/p>\n","protected":false},"excerpt":{"rendered":"<p>Publi\u00e9 le 30.05.2019 \u00e0 20h50 par AFP Le chef du Pentagone s\u2019est \u00e9mu jeudi des informations selon lesquelles la Maison Blanche a demand\u00e9 \u00e0 l\u2019occasion de la r\u00e9cente visite de Donald Trump au Japon \u00e0 ce qu\u2019un navire am\u00e9ricain baptis\u00e9 du nom de feu le s\u00e9nateur John McCain, qu\u2019il d\u00e9testait, soit tenu hors de la [&hellip;]<\/p>\n","protected":false},"author":1965,"featured_media":0,"comment_status":"closed","ping_status":"closed","sticky":false,"template":"","format":"standard","meta":{"fifu_image_url":"","fifu_image_alt":"","footnotes":""},"categories":[73,82],"tags":[],"class_list":["post-37812","post","type-post","status-publish","format-standard","hentry","category-actualite","category-cameroun"],"_links":{"self":[{"href":"https:\/\/linitiative.ca\/International\/wp-json\/wp\/v2\/posts\/37812","targetHints":{"allow":["GET"]}}],"collection":[{"href":"https:\/\/linitiative.ca\/International\/wp-json\/wp\/v2\/posts"}],"about":[{"href":"https:\/\/linitiative.ca\/International\/wp-json\/wp\/v2\/types\/post"}],"author":[{"embeddable":true,"href":"https:\/\/linitiative.ca\/International\/wp-json\/wp\/v2\/users\/1965"}],"replies":[{"embeddable":true,"href":"https:\/\/linitiative.ca\/International\/wp-json\/wp\/v2\/comments?post=37812"}],"version-history":[{"count":0,"href":"https:\/\/linitiative.ca\/International\/wp-json\/wp\/v2\/posts\/37812\/revisions"}],"wp:attachment":[{"href":"https:\/\/linitiative.ca\/International\/wp-json\/wp\/v2\/media?parent=37812"}],"wp:term":[{"taxonomy":"category","embeddable":true,"href":"https:\/\/linitiative.ca\/International\/wp-json\/wp\/v2\/categories?post=37812"},{"taxonomy":"post_tag","embeddable":true,"href":"https:\/\/linitiative.ca\/International\/wp-json\/wp\/v2\/tags?post=37812"}],"curies":[{"name":"wp","href":"https:\/\/api.w.org\/{rel}","templated":true}]}}