{"id":37813,"date":"2019-05-30T15:50:06","date_gmt":"2019-05-30T19:50:06","guid":{"rendered":"https:\/\/linitiative.ca\/International\/haiti-des-senateurs-de-lopposition-saccagent-la-salle-de-seance\/"},"modified":"2019-05-30T15:50:06","modified_gmt":"2019-05-30T19:50:06","slug":"haiti-des-senateurs-de-lopposition-saccagent-la-salle-de-seance","status":"publish","type":"post","link":"https:\/\/linitiative.ca\/International\/haiti-des-senateurs-de-lopposition-saccagent-la-salle-de-seance\/","title":{"rendered":"Ha\u00efti: des s\u00e9nateurs de l\u2019opposition saccagent la salle de s\u00e9ance"},"content":{"rendered":"<div readability=\"32\">\n<p>Publi\u00e9 le 30.05.2019 \u00e0 20h50 par AFP<\/p>\n<\/div>\n<div readability=\"101\">\n<p>Quatre s\u00e9nateurs ha\u00eftiens d\u2019opposition ont saccag\u00e9 jeudi matin leur salle de s\u00e9ance \u00e0 Port-au-Prince: ce geste symbolique, qui paralyse encore l\u2019installation du nouveau gouvernement, sert \u00e0 emp\u00eacher pour une troisi\u00e8me fois la ratification de la politique g\u00e9n\u00e9rale du Premier ministre.<\/p>\n<p>Destin\u00e9es \u00e0 chaque \u00e9lu, les larges chaises en velours rouge avaient \u00e9t\u00e9 rassembl\u00e9es en vrac sur la cour du parlement. Comme ce mobilier partiellement bris\u00e9, le mat\u00e9riel de sonorisation de la salle absorbait lentement la pluie, fine mais persistante.<\/p>\n<p>Les rares membres du personnel parlementaire pr\u00e9sents ont multipli\u00e9 les photos des d\u00e9g\u00e2ts, encha\u00eenant notamment les selfies devant les lourds bureaux jet\u00e9s au sol de la salle de s\u00e9ance.<\/p>\n<p>Tranquillement assis \u00e0 l\u2019ext\u00e9rieur \u00e0 quelques m\u00e8tres de l\u2019amas de meubles, les s\u00e9nateurs de l\u2019opposition ont pleinement assum\u00e9 leur acte.<\/p>\n<p>\u00ab\u00a0Combien de personnes sont tu\u00e9es dans les rues et c\u2019est une chaise bris\u00e9e qui leur fait mal? Combien de policiers tombent?\u00a0\u00bb a questionn\u00e9 le s\u00e9nateur Antonio Ch\u00e9ramy, \u00e9voquant l\u2019ins\u00e9curit\u00e9 grandissante \u00e0 travers le pays.<\/p>\n<p>Depuis le d\u00e9but de l\u2019ann\u00e9e, 20 policiers ont \u00e9t\u00e9 tu\u00e9s et plus de 100 citoyens ont perdu la vie de fa\u00e7on violente, par balles ou armes blanches, selon le d\u00e9compte d\u2019organisations de d\u00e9fense des droits humains qui s\u2019inqui\u00e8tent de l\u2019\u00e9talement des zones sous contr\u00f4le de gangs arm\u00e9s.<\/p>\n<p>Les \u00e9lus d\u00e9tracteurs du pr\u00e9sident Jovenel Mo\u00efse s\u2019opposent \u00e0 la reconduction de huit ministres de l\u2019ancien gouvernement sans qu\u2019ils n\u2019aient obtenu d\u2019attestation de bonne gestion des fonds publics.<\/p>\n<p>Le s\u00e9nateur Ricard Pierre, qui revendique l\u2019acte, consid\u00e8re que \u00ab\u00a0le probl\u00e8me de la crise ne va pas se r\u00e9soudre en violant la constitution, en mettant en place des ministres hors-la-loi\u00a0\u00bb.<\/p>\n<p>Par deux fois d\u00e9j\u00e0 en mai, ces \u00e9lus avaient emp\u00each\u00e9 la pr\u00e9sentation de la politique g\u00e9n\u00e9rale du Premier ministre en d\u00e9ambulant dans la salle de s\u00e9ance, m\u00e9gaphones en main.<\/p>\n<p>Jeudi, quelques dizaines de manifestants sont venus signaler leur solidarit\u00e9 avec les s\u00e9nateurs de l\u2019opposition. Des heurts ont \u00e9clat\u00e9 avec les forces de l\u2019ordre qui ont fait un large usage de grenades lacrymog\u00e8nes pour disperser la foule, tirant \u00e9galement plusieurs fois en l\u2019air \u00e0 balles r\u00e9elles.<\/p>\n<p>Absent des lieux, le nouveau Premier ministre Jean-Michel Lapin a \u00e9t\u00e9 nomm\u00e9 d\u00e9but avril par le pr\u00e9sident Jovenel Mo\u00efse suite au vote de sanction adress\u00e9 mi-mars par les d\u00e9put\u00e9s au pr\u00e9c\u00e9dent gouvernement dirig\u00e9 par Jean-Henry C\u00e9ant, fragilis\u00e9 par des manifestations qui avaient fait plusieurs morts.<\/p>\n<p>Alors que 60% de la population ha\u00eftienne vit sous le seuil de pauvret\u00e9, la lenteur de ce processus politique constitue un frein aux investissements et p\u00e9nalise \u00e9galement les programmes d\u2019aides au d\u00e9veloppement.<\/p>\n<p>L\u2019installation d\u2019un nouveau gouvernement est en effet un pr\u00e9requis du Fond mon\u00e9taire international pour le d\u00e9caissement d\u2019une premi\u00e8re tranche d\u2019aide dans le cadre du pr\u00eat de 229 millions de dollars octroy\u00e9 d\u00e9but mars \u00e0 Ha\u00efti pour les trois ann\u00e9es \u00e0 venir.<\/p>\n<\/div>\n<p>Auteur: AFP<br \/>\n<a href=\"https:\/\/www.journalducameroun.com\/haiti-des-senateurs-de-lopposition-saccagent-la-salle-de-seance\/\">Cliquez ici pour lire l&rsquo;article depuis sa source.<\/a><\/p>\n","protected":false},"excerpt":{"rendered":"<p>Publi\u00e9 le 30.05.2019 \u00e0 20h50 par AFP Quatre s\u00e9nateurs ha\u00eftiens d\u2019opposition ont saccag\u00e9 jeudi matin leur salle de s\u00e9ance \u00e0 Port-au-Prince: ce geste symbolique, qui paralyse encore l\u2019installation du nouveau gouvernement, sert \u00e0 emp\u00eacher pour une troisi\u00e8me fois la ratification de la politique g\u00e9n\u00e9rale du Premier ministre. Destin\u00e9es \u00e0 chaque \u00e9lu, les larges chaises en [&hellip;]<\/p>\n","protected":false},"author":1965,"featured_media":0,"comment_status":"closed","ping_status":"closed","sticky":false,"template":"","format":"standard","meta":{"fifu_image_url":"","fifu_image_alt":"","footnotes":""},"categories":[73,82],"tags":[],"class_list":["post-37813","post","type-post","status-publish","format-standard","hentry","category-actualite","category-cameroun"],"_links":{"self":[{"href":"https:\/\/linitiative.ca\/International\/wp-json\/wp\/v2\/posts\/37813","targetHints":{"allow":["GET"]}}],"collection":[{"href":"https:\/\/linitiative.ca\/International\/wp-json\/wp\/v2\/posts"}],"about":[{"href":"https:\/\/linitiative.ca\/International\/wp-json\/wp\/v2\/types\/post"}],"author":[{"embeddable":true,"href":"https:\/\/linitiative.ca\/International\/wp-json\/wp\/v2\/users\/1965"}],"replies":[{"embeddable":true,"href":"https:\/\/linitiative.ca\/International\/wp-json\/wp\/v2\/comments?post=37813"}],"version-history":[{"count":0,"href":"https:\/\/linitiative.ca\/International\/wp-json\/wp\/v2\/posts\/37813\/revisions"}],"wp:attachment":[{"href":"https:\/\/linitiative.ca\/International\/wp-json\/wp\/v2\/media?parent=37813"}],"wp:term":[{"taxonomy":"category","embeddable":true,"href":"https:\/\/linitiative.ca\/International\/wp-json\/wp\/v2\/categories?post=37813"},{"taxonomy":"post_tag","embeddable":true,"href":"https:\/\/linitiative.ca\/International\/wp-json\/wp\/v2\/tags?post=37813"}],"curies":[{"name":"wp","href":"https:\/\/api.w.org\/{rel}","templated":true}]}}