{"id":37814,"date":"2019-05-30T15:50:08","date_gmt":"2019-05-30T19:50:08","guid":{"rendered":"https:\/\/linitiative.ca\/International\/scandinaves-tuees-au-maroc-le-suspect-principal-reconnait-son-role-2\/"},"modified":"2019-05-30T15:50:08","modified_gmt":"2019-05-30T19:50:08","slug":"scandinaves-tuees-au-maroc-le-suspect-principal-reconnait-son-role-2","status":"publish","type":"post","link":"https:\/\/linitiative.ca\/International\/scandinaves-tuees-au-maroc-le-suspect-principal-reconnait-son-role-2\/","title":{"rendered":"Scandinaves tu\u00e9es au Maroc: le suspect principal reconna\u00eet son r\u00f4le"},"content":{"rendered":"<p>\u00ab\u00a0Nous aimions l\u2019Etat islamique (EI) et nous priions Dieu pour lui\u00a0\u00bb: le chef pr\u00e9sum\u00e9 d\u2019une cellule jihadiste a reconnu jeudi son r\u00f4le dans l\u2019assassinat de deux touristes scandinaves d\u00e9capit\u00e9es au Maroc au nom de l\u2019EI, \u00e0 la reprise de son proc\u00e8s \u00e0 Sal\u00e9.<\/p>\n<p>V\u00eatu d\u2019un qamis, long v\u00eatement blanc pris\u00e9 des salafistes, Abdessamad Ejjoud, 25 ans, s\u2019est pr\u00e9sent\u00e9 \u00e0 la barre t\u00eate baiss\u00e9e, devant la chambre criminelle de la cour d\u2019appel de Sal\u00e9 pr\u00e8s de Rabat qui le juge aux c\u00f4t\u00e9s de 23 autres pr\u00e9venus pour le crime commis dans la nuit du 15 au 16 d\u00e9cembre dans la r\u00e9gion du Haut-Atlas (sud).<\/p>\n<p>Les victimes, Louisa Vesterager Jespersen, une \u00e9tudiante danoise de 24 ans, et son amie Maren Ueland, une Norv\u00e9gienne de 28 ans, campaient sur un site isol\u00e9 avant une randonn\u00e9e en montagne.<\/p>\n<p>\u00ab\u00a0J\u2019en ai d\u00e9capit\u00e9 une (\u2026), je regrette\u00a0\u00bb, a dit ce marchand ambulant surnomm\u00e9 \u00ab\u00a0Abou Moussab\u00a0\u00bb.<\/p>\n<p>Au d\u00e9but de l\u2019audience, le pr\u00e9sident de la cour a d\u00e9roul\u00e9 la longue liste d\u2019accusations pesant sur lui. \u00ab\u00a0Avez-vous compris ?\u00a0\u00bb, lui a-t-il demand\u00e9, obtenant en r\u00e9ponse un simple hochement de t\u00eate.<\/p>\n<p>M. Ejjoud, comme les principaux suspects, risque th\u00e9oriquement la peine de mort. Des condamnations \u00e0 la peine capitale sont toujours prononc\u00e9es au Maroc, mais un moratoire est appliqu\u00e9 de facto depuis 1993.<\/p>\n<p>\u2013 Cibler des \u00e9trangers \u2013<\/p>\n<p>Pendant son interrogatoire, ce p\u00e8re de deux enfants a admis avoir organis\u00e9 l\u2019exp\u00e9dition meurtri\u00e8re avec Younes Ouaziyad (27 ans) et Rachid Afatti (33 ans), tous natifs de la r\u00e9gion de Marrakech (sud). Un quatri\u00e8me homme, Abderrahim Khayali, 33 ans, les a accompagn\u00e9s dans le Haut-Atlas mais les a quitt\u00e9s avant la tuerie.<\/p>\n<p>\u00ab\u00a0J\u2019ai tu\u00e9 l\u2019une, Youness Ouaziyad a tu\u00e9 l\u2019autre\u00a0\u00bb, pendant que \u00ab\u00a0Rachid Afatti filmait\u00a0\u00bb, a affirm\u00e9 M. Ejjoud devant ses juges.<\/p>\n<p>C\u2019est \u00e9galement lui qui a diffus\u00e9 la vid\u00e9o de la d\u00e9capitation au petit matin. \u00ab\u00a0Je l\u2019ai envoy\u00e9e \u00e0 tous les groupes partisans de l\u2019EI dont j\u2019\u00e9tais membre\u00a0\u00bb, a-t-il pr\u00e9cis\u00e9.<\/p>\n<p>Il s\u2019est ensuite longuement expliqu\u00e9 sur son parcours jihadiste, marqu\u00e9 par une premi\u00e8re condamnation pour avoir tent\u00e9 de rejoindre l\u2019EI en Syrie, avant sa sortie de prison en 2015 gr\u00e2ce \u00e0 une r\u00e9duction de peine.<\/p>\n<p>\u00ab\u00a0En prison j\u2019ai connu beaucoup de monde\u00a0\u00bb, a-t-il dit en citant quelques-uns des pr\u00e9venus membres de la \u00ab\u00a0cellule\u00a0\u00bb de Marrakech qu\u2019il animait.<\/p>\n<p>\u00ab\u00a0Je n\u2019ai endoctrin\u00e9 personne, chacun savait ce qu\u2019il faisait\u00a0\u00bb, jure-t-il.<\/p>\n<p>Issus de milieux modestes, avec un niveau d\u2019instruction tr\u00e8s bas, les principaux suspects vivaient de petits boulots dans des quartiers d\u00e9sh\u00e9rit\u00e9s de Marrakech, destination touristique phare du royaume.<\/p>\n<p>A sa sortie de prison M. Ejjoud est devenu vendeur d\u2019oranges press\u00e9es, \u00e0 la sauvette, devant des mosqu\u00e9es de Marrakech, avant d\u2019\u00eatre \u00ab\u00a0chass\u00e9\u00a0\u00bb par les autorit\u00e9s.<\/p>\n<p>Il est ensuite devenu imam. Il avait auparavant suivi un enseignement dans une \u00e9cole coranique \u00e0 Marrakech, affili\u00e9e \u00e0 une association salafiste connue au Maroc pour son hostilit\u00e9 au jihadisme et son rejet de toute forme de violence.<\/p>\n<p>M. Ejjoud a d\u2019ailleurs dit jeudi avoir \u00ab\u00a0pens\u00e9 assassiner\u00a0\u00bb le chef de cette association.<\/p>\n<p>C\u2019est \u00e0 cette p\u00e9riode qu\u2019il a d\u00e9cid\u00e9 de rejoindre les territoires occup\u00e9s par le groupe \u00c9tat islamique en Irak et en Syrie. Il a finalement renonc\u00e9, faute de passeport.<\/p>\n<p>\u00ab\u00a0J\u2019ai d\u00e9cid\u00e9 de faire le jihad ici\u00a0\u00bb, au Maroc, en ciblant des \u00ab\u00a0\u00e9trangers\u00a0\u00bb, a-t-il expliqu\u00e9. \u00ab\u00a0Nous avions essay\u00e9 de fabriquer une bombe mais \u00e7a n\u2019a pas march\u00e9.\u00a0\u00bb Il a ensuite expliqu\u00e9 s\u2019\u00eatre r\u00e9uni avec des membres de la cellule pour \u00ab\u00a0visionner\u00a0\u00bb des \u00ab\u00a0vid\u00e9os de l\u2019EI\u00a0\u00bb.<\/p>\n<p>\u00ab\u00a0On s\u2019est dit qu\u2019on allait attaquer des chr\u00e9tiens, parce qu\u2019ils tuent des musulmans l\u00e0-bas (en Syrie), d\u00e9truisent mosqu\u00e9es et h\u00f4pitaux\u00a0\u00bb, a-t-il ajout\u00e9.<\/p>\n<p>\u2013 \u00ab\u00a0Revanche\u00a0\u00bb \u2013<\/p>\n<p>M. Ejjoud a aussi \u00e9voqu\u00e9 la vid\u00e9o d\u2019all\u00e9geance \u00e0 l\u2019EI, tourn\u00e9e avant l\u2019assassinat et diffus\u00e9e apr\u00e8s la d\u00e9couverte des corps, dans laquelle il parle de \u00ab\u00a0revanche\u00a0\u00bb pour les \u00ab\u00a0fr\u00e8res\u00a0\u00bb en Syrie.<\/p>\n<p>Est-il toujours un partisan de l\u2019EI? \u00ab\u00a0Je ne sais pas\u00a0\u00bb, a-t-il r\u00e9pondu d\u2019une voix claire, avec un d\u00e9bit un peu lent.<\/p>\n<p>La \u00ab\u00a0cellule terroriste\u00a0\u00bb inspir\u00e9e par l\u2019id\u00e9ologie jihadiste n\u2019avait pas de \u00ab\u00a0contact\u00a0\u00bb avec des cadres op\u00e9rationnels en Syrie ou en Irak, selon les enqu\u00eateurs, et l\u2019EI n\u2019a pas revendiqu\u00e9 l\u2019assassinat des deux touristes.<\/p>\n<p>Les vingt autres pr\u00e9venus sont jug\u00e9s pour leur participation pr\u00e9sum\u00e9e aux activit\u00e9s de cette cellule et\/ou pour leurs liens avec les principaux suspects.<\/p>\n<p>Seul \u00e9tranger du groupe, Kevin Zoller Guervos est un Hispano-Suisse de 25 ans qui s\u2019est install\u00e9 au Maroc apr\u00e8s sa conversion \u00e0 l\u2019islam.<\/p>\n<p>Longuement interrog\u00e9 \u00e0 son sujet, M. Ejjoud l\u2019a exon\u00e9r\u00e9 des accusations le visant, que ce soit pour son r\u00f4le pr\u00e9sum\u00e9 dans la radicalisation du groupe ou pour un \u00ab\u00a0entra\u00eenement au tir\u00a0\u00bb correspondant en fait, selon lui, \u00e0 une partie de paintball.<\/p>\n<p>Le proc\u00e8s a \u00e9t\u00e9 renvoy\u00e9 au 13 juin.<\/p>\n<p>Auteur: AFP<br \/>\n<a href=\"https:\/\/www.journalducameroun.com\/scandinaves-tuees-au-maroc-le-suspect-principal-reconnait-son-role-2\/\">Cliquez ici pour lire l&rsquo;article depuis sa source.<\/a><\/p>\n","protected":false},"excerpt":{"rendered":"<p>\u00ab\u00a0Nous aimions l\u2019Etat islamique (EI) et nous priions Dieu pour lui\u00a0\u00bb: le chef pr\u00e9sum\u00e9 d\u2019une cellule jihadiste a reconnu jeudi son r\u00f4le dans l\u2019assassinat de deux touristes scandinaves d\u00e9capit\u00e9es au Maroc au nom de l\u2019EI, \u00e0 la reprise de son proc\u00e8s \u00e0 Sal\u00e9. V\u00eatu d\u2019un qamis, long v\u00eatement blanc pris\u00e9 des salafistes, Abdessamad Ejjoud, 25 [&hellip;]<\/p>\n","protected":false},"author":1965,"featured_media":0,"comment_status":"closed","ping_status":"closed","sticky":false,"template":"","format":"standard","meta":{"fifu_image_url":"","fifu_image_alt":"","footnotes":""},"categories":[73,82],"tags":[],"class_list":["post-37814","post","type-post","status-publish","format-standard","hentry","category-actualite","category-cameroun"],"_links":{"self":[{"href":"https:\/\/linitiative.ca\/International\/wp-json\/wp\/v2\/posts\/37814","targetHints":{"allow":["GET"]}}],"collection":[{"href":"https:\/\/linitiative.ca\/International\/wp-json\/wp\/v2\/posts"}],"about":[{"href":"https:\/\/linitiative.ca\/International\/wp-json\/wp\/v2\/types\/post"}],"author":[{"embeddable":true,"href":"https:\/\/linitiative.ca\/International\/wp-json\/wp\/v2\/users\/1965"}],"replies":[{"embeddable":true,"href":"https:\/\/linitiative.ca\/International\/wp-json\/wp\/v2\/comments?post=37814"}],"version-history":[{"count":0,"href":"https:\/\/linitiative.ca\/International\/wp-json\/wp\/v2\/posts\/37814\/revisions"}],"wp:attachment":[{"href":"https:\/\/linitiative.ca\/International\/wp-json\/wp\/v2\/media?parent=37814"}],"wp:term":[{"taxonomy":"category","embeddable":true,"href":"https:\/\/linitiative.ca\/International\/wp-json\/wp\/v2\/categories?post=37814"},{"taxonomy":"post_tag","embeddable":true,"href":"https:\/\/linitiative.ca\/International\/wp-json\/wp\/v2\/tags?post=37814"}],"curies":[{"name":"wp","href":"https:\/\/api.w.org\/{rel}","templated":true}]}}