{"id":37815,"date":"2019-05-30T16:50:01","date_gmt":"2019-05-30T20:50:01","guid":{"rendered":"https:\/\/linitiative.ca\/International\/colombie-liberation-dun-ex-chef-farc-requis-par-les-etats-unis\/"},"modified":"2019-05-30T16:50:01","modified_gmt":"2019-05-30T20:50:01","slug":"colombie-liberation-dun-ex-chef-farc-requis-par-les-etats-unis","status":"publish","type":"post","link":"https:\/\/linitiative.ca\/International\/colombie-liberation-dun-ex-chef-farc-requis-par-les-etats-unis\/","title":{"rendered":"Colombie: lib\u00e9ration d\u2019un ex-chef Farc requis par les Etats-Unis"},"content":{"rendered":"<div readability=\"32\">\n<p>Publi\u00e9 le 30.05.2019 \u00e0 21h50 par AFP<\/p>\n<\/div>\n<div readability=\"125\">\n<p>L\u2019ex-chef Farc Jesus Santrich, r\u00e9clam\u00e9 par les Etats-Unis pour trafic de drogue, a \u00e9t\u00e9 lib\u00e9r\u00e9 jeudi sur ordre de la Cour supr\u00eame de Colombie qui a invoqu\u00e9 son statut de parlementaire du parti issu de l\u2019ancienne gu\u00e9rilla qui a sign\u00e9 la paix en 2016.<\/p>\n<p>\u00ab\u00a0Une \u00e9quipe de s\u00e9curit\u00e9 a sorti Santrich\u00a0\u00bb, a d\u00e9clar\u00e9 son avocat, Gustavo Gallado, \u00e0 des journalistes. L\u2019ex-commandant gu\u00e9rillero a quitt\u00e9 le si\u00e8ge du Parquet sous forte escorte, a constat\u00e9 un photographe de l\u2019AFP.<\/p>\n<p>La Cour supr\u00eame avait ordonn\u00e9 mercredi la \u00ab\u00a0lib\u00e9ration imm\u00e9diate\u00a0\u00bb de Jesus Santrich, d\u00e9tenu \u00e0 Bogota depuis avril 2018 \u00e0 la demande des Etats-Unis qui r\u00e9clament son extradition afin de le juger pour trafic pr\u00e9sum\u00e9 de coca\u00efne, et se sont oppos\u00e9s \u00e0 sa lib\u00e9ration.<\/p>\n<p>Dans son jugement, le haut tribunal a pr\u00e9cis\u00e9 qu&rsquo;\u00a0\u00bbaucun recours\u00a0\u00bb n\u2019est possible contre sa d\u00e9cision.<\/p>\n<p>Il s\u2019\u00e9tait d\u00e9clar\u00e9 comp\u00e9tent du fait du statut de parlementaire de l\u2019ancien chef gu\u00e9rillero, aujourd\u2019hui d\u00e9put\u00e9 du parti Force alternative r\u00e9volutionnaire commune (Farc), bien que du fait de sa d\u00e9tention il n\u2019ait pas pu \u00eatre officiellement investi au Congr\u00e8s.<\/p>\n<p>La Farc a r\u00e9agi jeudi par un #SantrichLibre publi\u00e9 sur Twitter, avec une vid\u00e9o montrant l\u2019ex-commandant chaleureusement accueilli par des membres du parti \u00e0 sa sortie de l\u2019immeuble du Parquet.<\/p>\n<p>Cette affaire \u00e0 rebondissements a suscit\u00e9 une pol\u00e9mique en Colombie, pays divis\u00e9 sur l\u2019accord de 2016 que le gouvernement juge trop laxiste envers les anciens rebelles et tente de modifier.<\/p>\n<p>La Juridiction sp\u00e9ciale de paix (JEP), issue de l\u2019accord de novembre 2016 pour juger les crimes les graves commis pendant plus de 50 ans de confrontation arm\u00e9e avec l\u2019ex-r\u00e9bellion des Forces arm\u00e9es r\u00e9volutionnaires de Colombie (Farc, marxistes), avait d\u00e9j\u00e0 ordonn\u00e9 sa lib\u00e9ration le 15 mai.<\/p>\n<p>Le procureur g\u00e9n\u00e9ral d\u2019alors, Nestor Humberto Martinez, proche du pouvoir actuel, avait alors pr\u00e9f\u00e9r\u00e9 d\u00e9missionner plut\u00f4t que d\u2019appliquer la d\u00e9cision.<\/p>\n<p>Mais Jesus Santrich, de son vrai nom Seuxis Paucis Hernandez Solarte, avait \u00e9t\u00e9 r\u00e9-arr\u00eat\u00e9 \u00e0 la porte m\u00eame de la prison deux jours plus tard, pour sa participation pr\u00e9sum\u00e9e \u00e0 la pr\u00e9paration de l\u2019envoi de plusieurs tonnes de coca\u00efne aux Etats-Unis, apr\u00e8s la signature de la paix.<\/p>\n<p>La Procurature, organisme de contr\u00f4le des fonctionnaires et des \u00e9lus, a demand\u00e9 mercredi \u00e0 la Cour supr\u00eame d\u2019ordonner \u00e0 nouveau son arrestation afin qu\u2019il soit entendu comme parlementaire pour les crimes dont il est inculp\u00e9.<\/p>\n<p>L\u2019ancien chef Farc, \u00e2g\u00e9 de 52 ans et malvoyant, a toujours clam\u00e9 son innocence et d\u00e9nonc\u00e9 un complot de Washington et du Parquet colombien.<\/p>\n<p>Sous la pression des Etats-Unis, le gouvernement du pr\u00e9sident de droite dure Ivan Duque, au pouvoir depuis ao\u00fbt, s\u2019est oppos\u00e9 \u00e0 sa lib\u00e9ration, r\u00e9affirmant son intention de l\u2019extrader et critiquant les d\u00e9cisions de justice.<\/p>\n<p>L\u2019accord de paix historique, sign\u00e9 avec la plus ancienne gu\u00e9rilla du continent am\u00e9ricain et salu\u00e9 par la communaut\u00e9 internationale, a permis le d\u00e9sarmement d\u2019environ 7.000 rebelles.<\/p>\n<p>Il pr\u00e9voit que les auteurs de crimes graves, gu\u00e9rilleros et membres des forces de l\u2019ordre, puissent b\u00e9n\u00e9ficier de peines alternatives \u00e0 la prison \u00e0 condition de dire la v\u00e9rit\u00e9, de d\u00e9dommager les victimes et de s\u2019engager \u00e0 ne plus recourir \u00e0 la violence.<\/p>\n<p>Mais il ne prot\u00e8ge pas d\u2019une \u00e9ventuelle extradition ceux qui ont r\u00e9cidiv\u00e9 apr\u00e8s son entr\u00e9e en vigueur.<\/p>\n<\/div>\n<p>Auteur: AFP<br \/>\n<a href=\"https:\/\/www.journalducameroun.com\/colombie-liberation-dun-ex-chef-farc-requis-par-les-etats-unis\/\">Cliquez ici pour lire l&rsquo;article depuis sa source.<\/a><\/p>\n","protected":false},"excerpt":{"rendered":"<p>Publi\u00e9 le 30.05.2019 \u00e0 21h50 par AFP L\u2019ex-chef Farc Jesus Santrich, r\u00e9clam\u00e9 par les Etats-Unis pour trafic de drogue, a \u00e9t\u00e9 lib\u00e9r\u00e9 jeudi sur ordre de la Cour supr\u00eame de Colombie qui a invoqu\u00e9 son statut de parlementaire du parti issu de l\u2019ancienne gu\u00e9rilla qui a sign\u00e9 la paix en 2016. \u00ab\u00a0Une \u00e9quipe de s\u00e9curit\u00e9 [&hellip;]<\/p>\n","protected":false},"author":1965,"featured_media":0,"comment_status":"closed","ping_status":"closed","sticky":false,"template":"","format":"standard","meta":{"fifu_image_url":"","fifu_image_alt":"","footnotes":""},"categories":[73,82],"tags":[],"class_list":["post-37815","post","type-post","status-publish","format-standard","hentry","category-actualite","category-cameroun"],"_links":{"self":[{"href":"https:\/\/linitiative.ca\/International\/wp-json\/wp\/v2\/posts\/37815","targetHints":{"allow":["GET"]}}],"collection":[{"href":"https:\/\/linitiative.ca\/International\/wp-json\/wp\/v2\/posts"}],"about":[{"href":"https:\/\/linitiative.ca\/International\/wp-json\/wp\/v2\/types\/post"}],"author":[{"embeddable":true,"href":"https:\/\/linitiative.ca\/International\/wp-json\/wp\/v2\/users\/1965"}],"replies":[{"embeddable":true,"href":"https:\/\/linitiative.ca\/International\/wp-json\/wp\/v2\/comments?post=37815"}],"version-history":[{"count":0,"href":"https:\/\/linitiative.ca\/International\/wp-json\/wp\/v2\/posts\/37815\/revisions"}],"wp:attachment":[{"href":"https:\/\/linitiative.ca\/International\/wp-json\/wp\/v2\/media?parent=37815"}],"wp:term":[{"taxonomy":"category","embeddable":true,"href":"https:\/\/linitiative.ca\/International\/wp-json\/wp\/v2\/categories?post=37815"},{"taxonomy":"post_tag","embeddable":true,"href":"https:\/\/linitiative.ca\/International\/wp-json\/wp\/v2\/tags?post=37815"}],"curies":[{"name":"wp","href":"https:\/\/api.w.org\/{rel}","templated":true}]}}