{"id":37816,"date":"2019-05-30T17:50:01","date_gmt":"2019-05-30T21:50:01","guid":{"rendered":"https:\/\/linitiative.ca\/International\/les-femmes-tres-peu-visibles-dans-les-medias-dafrique-francophone\/"},"modified":"2019-05-30T17:50:01","modified_gmt":"2019-05-30T21:50:01","slug":"les-femmes-tres-peu-visibles-dans-les-medias-dafrique-francophone","status":"publish","type":"post","link":"https:\/\/linitiative.ca\/International\/les-femmes-tres-peu-visibles-dans-les-medias-dafrique-francophone\/","title":{"rendered":"Les femmes tr\u00e8s peu visibles dans les m\u00e9dias d\u2019Afrique francophone"},"content":{"rendered":"<div readability=\"32\">\n<p>Publi\u00e9 le 30.05.2019 \u00e0 22h50 par AFP<\/p>\n<\/div>\n<div readability=\"104\">\n<p>Les femmes sont tr\u00e8s peu visibles dans les m\u00e9dias, notamment audiovisuels, en Afrique francophone, o\u00f9 les experts invit\u00e9s, tout comme les pr\u00e9sentateurs et journalistes vedettes sont majoritairement des hommes, selon une enqu\u00eate rendue publique lors d\u2019un salon professionnel \u00e0 Abidjan.<\/p>\n<p>L\u2019enqu\u00eate, \u00e0 laquelle ont particip\u00e9 une centaine d\u2019acteurs et d\u2019actrices de l\u2019audiovisuel dans toute l\u2019Afrique francophone, indique que \u00ab\u00a061% des personnes interrog\u00e9es estiment qu\u2019il y a moins de 30% de femmes expertes invit\u00e9es dans leur m\u00e9dia\u00a0\u00bb, a d\u00e9taill\u00e9 jeudi la directrice de l\u2019agence de communication Afrikacom, S\u00e9verine Laurent, lors de la 6e \u00e9dition du Discop Abidjan (29-31 mai), un salon r\u00e9unissant les professionnels de l\u2019audiovisuel en Afrique subsaharienne.<\/p>\n<p>Une quinzaine de questions portant sur la place des femmes dans les radios, t\u00e9l\u00e9visions, soci\u00e9t\u00e9s de production, la presse en ligne et la presse \u00e9crite, avaient \u00e9t\u00e9 envoy\u00e9es \u00e0 plus de 750 personnalit\u00e9s des m\u00e9dias par la soci\u00e9t\u00e9 am\u00e9ricaine Basic Lead, organisatrice du Discop. Cent-sept personnes, dont 71% de femmes, ont r\u00e9pondu \u00e0 ce questionnaire.<\/p>\n<p>\u00ab\u00a0Les m\u00e9dias font tr\u00e8s peu appel \u00e0 des femmes expertes. Et quand c\u2019est le cas, on nous invite pour parler de maquillage, de coiffure, de mode, mais rarement pour parler d\u2019a\u00e9ronautique, de banque ou des sujets dits plus +s\u00e9rieux+\u00a0\u00bb, a regrett\u00e9 S\u00e9verine Laurent, pointant des facteurs \u00e9ducatifs et socio-culturels.<\/p>\n<p>\u00ab\u00a0On retrouve d\u2019ailleurs ces m\u00eames probl\u00e9matiques en Occident\u00a0\u00bb, a-t-elle soulign\u00e9.<\/p>\n<p>Pr\u00e8s de 60% des personnes ayant r\u00e9pondu au questionnaire estiment qu\u2019il y a moins de 30% de femmes journalistes ou animatrices vedettes dans les \u00e9missions diffus\u00e9es ou les articles publi\u00e9s par leur m\u00e9dia.<\/p>\n<p>Mme Laurent a aussi \u00e9voqu\u00e9 le harc\u00e8lement des femmes.<\/p>\n<p>\u00ab\u00a0J\u2019ai \u00e9t\u00e9 extr\u00eamement choqu\u00e9e de voir que 14% des femmes du panel ont v\u00e9cu du harc\u00e8lement physique et 36% du harc\u00e8lement moral dans le cadre de leur travail, de la part de leur sup\u00e9rieur hi\u00e9rarchique ou d\u2019un coll\u00e8gue de travail\u00a0\u00bb, a-t-elle d\u00e9clar\u00e9 \u00e0 l\u2019AFP.<\/p>\n<p>Elle esp\u00e8re sensibiliser le milieu de l\u2019audiovisuel gr\u00e2ce \u00e0 cette enqu\u00eate.<\/p>\n<p>\u00ab\u00a0Beaucoup d\u2019hommes ne sont pas encore conscients des limites entre la drague et le harc\u00e8lement, tout comme ils ne sont pas conscients des in\u00e9galit\u00e9s\u00a0\u00bb en termes de r\u00e9mun\u00e9ration, rel\u00e8ve S\u00e9verine Laurent. Seulement 31% des hommes ayant r\u00e9pondu au questionnaire estiment que les hommes sont mieux pay\u00e9s que les femmes.<\/p>\n<p>Le Discop organisera diff\u00e9rentes journ\u00e9es consacr\u00e9es aux femmes dans les m\u00e9dias dans le courant de l\u2019ann\u00e9e, notamment \u00e0 Kinshasa, Brazzaville, Dakar et Abidjan.<\/p>\n<\/div>\n<p>Auteur: AFP<br \/>\n<a href=\"https:\/\/www.journalducameroun.com\/les-femmes-tres-peu-visibles-dans-les-medias-dafrique-francophone\/\">Cliquez ici pour lire l&rsquo;article depuis sa source.<\/a><\/p>\n","protected":false},"excerpt":{"rendered":"<p>Publi\u00e9 le 30.05.2019 \u00e0 22h50 par AFP Les femmes sont tr\u00e8s peu visibles dans les m\u00e9dias, notamment audiovisuels, en Afrique francophone, o\u00f9 les experts invit\u00e9s, tout comme les pr\u00e9sentateurs et journalistes vedettes sont majoritairement des hommes, selon une enqu\u00eate rendue publique lors d\u2019un salon professionnel \u00e0 Abidjan. L\u2019enqu\u00eate, \u00e0 laquelle ont particip\u00e9 une centaine d\u2019acteurs [&hellip;]<\/p>\n","protected":false},"author":1965,"featured_media":0,"comment_status":"closed","ping_status":"closed","sticky":false,"template":"","format":"standard","meta":{"fifu_image_url":"","fifu_image_alt":"","footnotes":""},"categories":[73,82],"tags":[],"class_list":["post-37816","post","type-post","status-publish","format-standard","hentry","category-actualite","category-cameroun"],"_links":{"self":[{"href":"https:\/\/linitiative.ca\/International\/wp-json\/wp\/v2\/posts\/37816","targetHints":{"allow":["GET"]}}],"collection":[{"href":"https:\/\/linitiative.ca\/International\/wp-json\/wp\/v2\/posts"}],"about":[{"href":"https:\/\/linitiative.ca\/International\/wp-json\/wp\/v2\/types\/post"}],"author":[{"embeddable":true,"href":"https:\/\/linitiative.ca\/International\/wp-json\/wp\/v2\/users\/1965"}],"replies":[{"embeddable":true,"href":"https:\/\/linitiative.ca\/International\/wp-json\/wp\/v2\/comments?post=37816"}],"version-history":[{"count":0,"href":"https:\/\/linitiative.ca\/International\/wp-json\/wp\/v2\/posts\/37816\/revisions"}],"wp:attachment":[{"href":"https:\/\/linitiative.ca\/International\/wp-json\/wp\/v2\/media?parent=37816"}],"wp:term":[{"taxonomy":"category","embeddable":true,"href":"https:\/\/linitiative.ca\/International\/wp-json\/wp\/v2\/categories?post=37816"},{"taxonomy":"post_tag","embeddable":true,"href":"https:\/\/linitiative.ca\/International\/wp-json\/wp\/v2\/tags?post=37816"}],"curies":[{"name":"wp","href":"https:\/\/api.w.org\/{rel}","templated":true}]}}