{"id":37954,"date":"2019-05-30T18:00:00","date_gmt":"2019-05-30T22:00:00","guid":{"rendered":"https:\/\/linitiative.ca\/International\/caid-essebsi-au-sommet-arabe-extrardinaire-la-tunisie-attachee-a-la-securite-de-larabie-et-des-pays-du-golfe-video\/"},"modified":"2019-05-30T18:00:00","modified_gmt":"2019-05-30T22:00:00","slug":"caid-essebsi-au-sommet-arabe-extrardinaire-la-tunisie-attachee-a-la-securite-de-larabie-et-des-pays-du-golfe-video","status":"publish","type":"post","link":"https:\/\/linitiative.ca\/International\/caid-essebsi-au-sommet-arabe-extrardinaire-la-tunisie-attachee-a-la-securite-de-larabie-et-des-pays-du-golfe-video\/","title":{"rendered":"Ca\u00efd Essebsi au Sommet arabe extrardinaire : La Tunisie attach\u00e9e \u00e0 la s\u00e9curit\u00e9 de l&rsquo;Arabie et des pays du Golfe (Vid\u00e9o)"},"content":{"rendered":"<p>\u00ab\u00a0Au vu de ce qui ob\u00e8re notre r\u00e9gion arabe en crises et causes de longue date et de ce qu\u2019endurent nos pays en co\u00fbts tr\u00e8s \u00e9lev\u00e9s aux plans s\u00e9curitaires, de d\u00e9veloppement, sociaux et humanitaires, il n\u2019est pas acceptable aujourd\u2019hui qu\u2019on soit entrain\u00e9s vers de nouveaux chapitres de tension et d\u2019instabilit\u00e9 au d\u00e9triment du droit de nos peuples \u00e0 une vie d\u00e9cente dans la paix et la s\u00e9r\u00e9nit\u00e9.\u00a0\u00bb En une phrase, un peu longue, mais qui r\u00e9sume bien l\u2019\u00e9tat de la nation arabe, le pr\u00e9sident B\u00e9ji Ca\u00efd Essebsi a interpell\u00e9 directement les chefs d\u2019Etat de la r\u00e9gion. Ouvrant les travaux du <a href=\"https:\/\/www.leaders.com.tn\/article\/27219-beji-caid-essebsi-en-mission-d-apaisement-aux-sommets-de-la-mecque\">sommet arabe extraordinaire<\/a> qui s\u2019est tenu jeudi 30 mai \u00e0 la Mecque, il a affirm\u00e9 que la \u00ab\u00a0priorit\u00e9 est lib\u00e9rer la r\u00e9gion des causes et manifestations de l\u2019intsabilit\u00e9.\u00a0\u00bb<\/p>\n<p>Le pr\u00e9sident Ca\u00efd Essebsi a soulign\u00e9 que la situation d\u00e9licate que traversent nos pays n\u00e9cessite une \u00e9valuation commune et approfondie des d\u00e9fis et des menaces qui visent les fondements de la s\u00e9curit\u00e9 arabe de fa\u00e7on \u00e0 identifier la solution la meilleure pour y faire face et pour le moins limiter ses retomb\u00e9es.<\/p>\n<p class=\"c2\"><img loading=\"lazy\" decoding=\"async\" src=\"\/uploads\/FCK_files\/Sommet-1-bis.jpg\" alt=\"\" width=\"700\" vspace=\"5\" hspace=\"5\" height=\"482\" align=\"middle\"\/><\/p>\n<p><span>\u00a0<\/span>Nos priorit\u00e9s doivent \u00eatre la poursuite de nos efforts pour d\u00e9barrasser notre r\u00e9gion\u00a0 des\u00a0 facteurs d\u2019instabilit\u00e9\u00a0 et se consacrer essentiellement au r\u00e8glement des probl\u00e8mes majeurs, en premier lieu, la cause palestinienne par la recherche d\u2019une solution \u00e9quitable et globale. Il en va aussi des\u00a0 autres crises.<\/p>\n<p class=\"c2\"><iframe loading=\"lazy\" src=\"https:\/\/www.youtube.com\/embed\/zpm7yh1E16I\" allow=\"accelerometer; autoplay; encrypted-media; gyroscope; picture-in-picture\" allowfullscreen=\"\" width=\"560\" height=\"315\" frameborder=\"0\">[embedded content]<\/iframe><\/p>\n<p>Il a d\u00e9nonc\u00e9 le ciblage des villes saoudiennes par les fus\u00e9es balistiques et des navires de marchandises au large des c\u00f4tes des Emirats Arabes. et sles tations de pompage de p\u00e9trole en Arabie ce qui constitue une grave escalade qui expose la s\u00e9curit\u00e9 r\u00e9gionale\u00a0 et une menace\u00a0 \u00e9vidente\u00a0 contre la s\u00e9curit\u00e9 maritime dans les eaux internationales de la navigation internationale.<\/p>\n<p class=\"c2\"><img loading=\"lazy\" decoding=\"async\" src=\"\/uploads\/FCK_files\/Sommet2.jpg\" alt=\"\" width=\"700\" vspace=\"5\" hspace=\"5\" height=\"427\" align=\"middle\"\/><\/p>\n<p class=\"c3\">La Tunisie insiste sur le fait que la s\u00e9curit\u00e9 globale est une et indivisible et partant son attachement \u00e0 la s\u00e9curit\u00e9 de l\u2019Arabie saoudite\u00a0 s\u0153ur et tous les pays du Golfe arabe qui constitue l\u2019un des fondements de la s\u00e9curit\u00e9 dans l\u2019ensemble de r\u00e9gion arabe et dans le monde.<\/p>\n<p class=\"c2\"><img loading=\"lazy\" decoding=\"async\" src=\"\/uploads\/FCK_files\/Photo%20de%20Famille.jpg\" class=\"c4\" alt=\"\" width=\"700\" vspace=\"5\" hspace=\"5\" height=\"427\" align=\"middle\"\/><\/p>\n<p class=\"c3\"><strong>Taoufik Habaieb,<\/strong><\/p>\n<p class=\"c3\"><em>envoy\u00e9 sp\u00e9cial de Leaders \u00e0 La Mecque<\/em><\/p>\n<p class=\"c3\"><a href=\"\/uploads\/FCK_files\/%D9%83%D9%84%D9%85%D8%A9%20%D8%B3%D9%8A%D8%A7%D8%AF%D8%A9%20%D8%B1%D8%A6%D9%8A%D8%B3%20%D8%A7%D9%84%D8%AC%D9%85%D9%87%D9%88%D8%B1%D9%8A%D8%A9%20%D9%81%D9%8A%20%D8%A7%D9%84%D9%82%D9%85%D8%A9%20%D8%A7%D9%84%D8%B9%D8%B1%D8%A8%D9%8A%D8%A9.pdf\" target=\"_blank\" rel=\"noopener noreferrer\"><span>\u00a0<\/span><\/a><\/p>\n<p class=\"c3\"><a href=\"\/uploads\/FCK_files\/%D9%83%D9%84%D9%85%D8%A9%20%D8%B3%D9%8A%D8%A7%D8%AF%D8%A9%20%D8%B1%D8%A6%D9%8A%D8%B3%20%D8%A7%D9%84%D8%AC%D9%85%D9%87%D9%88%D8%B1%D9%8A%D8%A9%20%D9%81%D9%8A%20%D8%A7%D9%84%D9%82%D9%85%D8%A9%20%D8%A7%D9%84%D8%B9%D8%B1%D8%A8%D9%8A%D8%A9.pdf\" target=\"_blank\" rel=\"noopener noreferrer\">Lire le discour integrale<\/a><\/p>\n<p><em><strong>Lire aussi<\/strong><\/em><span class=\"c5\"><strong><a href=\"https:\/\/www.leaders.com.tn\/article\/27219-beji-caid-essebsi-en-mission-d-apaisement-aux-sommets-de-la-mecque%20B%C3%A9ji%20Ca%C3%AFd%20Essebsi%20en%20mission%20d%E2%80%99apaisement%20aux%20sommets%20de%20la%20Mecque%20https:\/\/www.leaders.com.tn\/article\/27191-beji-caid-essebsi-et-salmane-ben-abdelaziz-sommet-arabe-la-mecque%20Trois%20sommets%20d%C3%A8s%20ce%20jeudi%20%C3%A0%20la%20Mecque%20:%20des%20pays%20du%20Golfe,%20arabes%20et%20islamistes%20https:\/\/www.leaders.com.tn\/article\/27218-la-mecque-en-mode-omra-loin-de-s-interesser-aux-sommets-des-pays-du-golfe-arabes-et-islamiques%20La%20Mecque,%20en%20mode%20Omra%20loin%20de%20s%E2%80%99int%C3%A9resser%20aux%20sommets%20des%20pays%20du%20Golfe,%20arabes%20et%20islamiques\"><br \/><\/a><\/strong><\/span><\/p>\n<p>\u00a0<\/p>\n<p>Auteur:<br \/>\n<a href=\"https:\/\/www.leaders.com.tn\/article\/27211-sommet-arabe-extrordinaire\">Cliquez ici pour lire l&rsquo;article depuis sa source.<\/a><\/p>\n","protected":false},"excerpt":{"rendered":"<p>\u00ab\u00a0Au vu de ce qui ob\u00e8re notre r\u00e9gion arabe en crises et causes de longue date et de ce qu\u2019endurent nos pays en co\u00fbts tr\u00e8s \u00e9lev\u00e9s aux plans s\u00e9curitaires, de d\u00e9veloppement, sociaux et humanitaires, il n\u2019est pas acceptable aujourd\u2019hui qu\u2019on soit entrain\u00e9s vers de nouveaux chapitres de tension et d\u2019instabilit\u00e9 au d\u00e9triment du droit de [&hellip;]<\/p>\n","protected":false},"author":1772,"featured_media":37955,"comment_status":"closed","ping_status":"closed","sticky":false,"template":"","format":"standard","meta":{"fifu_image_url":"","fifu_image_alt":"","footnotes":""},"categories":[73,55],"tags":[],"class_list":["post-37954","post","type-post","status-publish","format-standard","has-post-thumbnail","hentry","category-actualite","category-tunisie"],"_links":{"self":[{"href":"https:\/\/linitiative.ca\/International\/wp-json\/wp\/v2\/posts\/37954","targetHints":{"allow":["GET"]}}],"collection":[{"href":"https:\/\/linitiative.ca\/International\/wp-json\/wp\/v2\/posts"}],"about":[{"href":"https:\/\/linitiative.ca\/International\/wp-json\/wp\/v2\/types\/post"}],"author":[{"embeddable":true,"href":"https:\/\/linitiative.ca\/International\/wp-json\/wp\/v2\/users\/1772"}],"replies":[{"embeddable":true,"href":"https:\/\/linitiative.ca\/International\/wp-json\/wp\/v2\/comments?post=37954"}],"version-history":[{"count":0,"href":"https:\/\/linitiative.ca\/International\/wp-json\/wp\/v2\/posts\/37954\/revisions"}],"wp:featuredmedia":[{"embeddable":true,"href":"https:\/\/linitiative.ca\/International\/wp-json\/"}],"wp:attachment":[{"href":"https:\/\/linitiative.ca\/International\/wp-json\/wp\/v2\/media?parent=37954"}],"wp:term":[{"taxonomy":"category","embeddable":true,"href":"https:\/\/linitiative.ca\/International\/wp-json\/wp\/v2\/categories?post=37954"},{"taxonomy":"post_tag","embeddable":true,"href":"https:\/\/linitiative.ca\/International\/wp-json\/wp\/v2\/tags?post=37954"}],"curies":[{"name":"wp","href":"https:\/\/api.w.org\/{rel}","templated":true}]}}