{"id":37999,"date":"2019-05-30T18:13:29","date_gmt":"2019-05-30T22:13:29","guid":{"rendered":"https:\/\/linitiative.ca\/International\/gestion-des-systemes-correctionnels-en-afrique\/"},"modified":"2019-05-30T18:13:29","modified_gmt":"2019-05-30T22:13:29","slug":"gestion-des-systemes-correctionnels-en-afrique","status":"publish","type":"post","link":"https:\/\/linitiative.ca\/International\/gestion-des-systemes-correctionnels-en-afrique\/","title":{"rendered":"Gestion des syst\u00e8mes correctionnels en Afrique"},"content":{"rendered":"<div class=\"td-post-featured-image\"><a href=\"https:\/\/i2.wp.com\/www.sidwaya.info\/wp-content\/uploads\/2019\/05\/remise31.jpg?fit=787%2C525&#038;ssl=1\" data-caption=\"\"><img loading=\"lazy\" decoding=\"async\" width=\"696\" height=\"464\" class=\"entry-thumb td-modal-image\" src=\"https:\/\/i2.wp.com\/www.sidwaya.info\/wp-content\/uploads\/2019\/05\/remise31.jpg?resize=696%2C464&#038;ssl=1\" srcset=\"https:\/\/i2.wp.com\/www.sidwaya.info\/wp-content\/uploads\/2019\/05\/remise31.jpg?w=787&#038;ssl=1 787w, https:\/\/i2.wp.com\/www.sidwaya.info\/wp-content\/uploads\/2019\/05\/remise31.jpg?resize=300%2C200&#038;ssl=1 300w, https:\/\/i2.wp.com\/www.sidwaya.info\/wp-content\/uploads\/2019\/05\/remise31.jpg?resize=768%2C512&#038;ssl=1 768w, https:\/\/i2.wp.com\/www.sidwaya.info\/wp-content\/uploads\/2019\/05\/remise31.jpg?resize=696%2C464&#038;ssl=1 696w, https:\/\/i2.wp.com\/www.sidwaya.info\/wp-content\/uploads\/2019\/05\/remise31.jpg?resize=630%2C420&#038;ssl=1 630w\" sizes=\"auto, (max-width: 696px) 100vw, 696px\" alt=\"\" title=\"remise31\"\/><\/a><\/div>\n<div class=\"td-a-rec td-a-rec-id-content_top td_uid_30_5cf1a02b4d993_rand td_block_template_1\"><img loading=\"lazy\" decoding=\"async\" class=\"aligncenter size-full wp-image-4463\" src=\"https:\/\/www.sidwaya.info\/wp-content\/uploads\/2019\/02\/FESPACO-TOUR-2019-Bannie%CC%80re-728x90-1.jpg\" alt=\"\" width=\"728\" height=\"90\"\/><\/div>\n<p><strong>La cl\u00f4ture des travaux de la 5e conf\u00e9rence de l\u2019Association des services correctionnels d\u2019Afrique (ACSA) est intervenue, le jeudi 30 mai 2019, \u00e0 Ouagadougou. Le Botswana a \u00e9t\u00e9 d\u00e9sign\u00e9 pays h\u00f4te de la 6e conf\u00e9rence en 2021.<\/strong><\/p>\n<p>La 5e conf\u00e9rence biannuelle de l\u2019association des services correctionnels d\u2019Afrique (ACSA), ouverte le 27 mai dernier, a pris fin, le 30 mai 2019 \u00e0 Ouagadougou. L\u2019officier principal de l\u2019ACSA, Francis Omane Addo, a livr\u00e9 les conclusions de la rencontre dans le communiqu\u00e9 final des travaux. Il en ressort principalement des recommandations et des engagements des Etats membres \u00e0 approfondir les r\u00e9formes dans leurs syst\u00e8mes correctionnels et p\u00e9nitentiaires. On peut relever \u00e0 ce propos, la volont\u00e9 affirm\u00e9e de consolider les services correctionnels et p\u00e9nitentiaires, de sorte \u00e0 \u00e9riger des institutions plus productives et capables de soutenir le d\u00e9veloppement national. Les participants ont aussi relev\u00e9 la n\u00e9cessit\u00e9 de promouvoir la transparence des institutions p\u00e9nitentiaires vis-\u00e0-vis du public afin qu\u2019elles soient v\u00e9ritablement des centres de r\u00e9habilitation et de r\u00e9insertion sociale susceptibles de r\u00e9duire les taux de r\u00e9cidive. La 5e conf\u00e9rence de l\u2019ACSA a \u00e9galement soulign\u00e9 l\u2019int\u00e9r\u00eat d\u2019amener les gouvernements \u00e0 reconna\u00eetre et honorer la journ\u00e9e Nelson- Mandela. L\u2019am\u00e9lioration de la collaboration avec les partenaires de la cha\u00eene p\u00e9nale, le recours plus accrus aux solutions techniques dans les syst\u00e8mes correctionnels ainsi que l\u2019appui de l\u2019Organisation des Nations unies en personnel qualifi\u00e9 des centres p\u00e9nitentiaires sont autant de recommandations formul\u00e9es lors de la rencontre de Ouagadougou. In fine, le Botswana a \u00e9t\u00e9 retenu pour abriter la 6e conf\u00e9rence de l\u2019ACSA en 2021.<\/p>\n<p>Respecter les droits des d\u00e9tenus<\/p>\n<p>La rencontre de Ouagadougou a, par ailleurs, reconduit le m\u00eame bureau \u00e0 la t\u00eate du comit\u00e9 ex\u00e9cutif de l\u2019association et a cr\u00e9\u00e9 cinq postes de vice-pr\u00e9sidents pour des repr\u00e9sentations dans les diff\u00e9rentes r\u00e9gions de l\u2019Afrique. Ainsi, le Mozambicain Jeremias Armando Cumbe reste \u00e0 la t\u00eate de l\u2019ACSA jusqu\u2019\u00e0 la conf\u00e9rence de Gaberone en 2021.<br \/>Dans son mot de cl\u00f4ture, le ministre de la Justice, Garde des Sceaux, Ren\u00e9 Bagoro, a promis que les conclusions des travaux de cette 5e conf\u00e9rence seront utilis\u00e9es \u00e0 bonne fin. \u00abLe Burkina prend l\u2019engagement de travailler aux c\u00f4t\u00e9s des autres pays au nom de l\u2019ACSA pour que les recommandations que vous avez \u00e9mises soient mises en \u0153uvre\u00bb, a-t-il d\u00e9clar\u00e9 aux participants. Par ailleurs, le ministre a renouvel\u00e9 l\u2019engagement de son pays \u00e0 poursuivre la dynamique des r\u00e9formes entreprises pour faire en sorte que les droits humains des d\u00e9tenus soient respect\u00e9s et que le personnel p\u00e9nitentiaire puisse travailler dans le respect de ces m\u00eames droits et dans de meilleures conditions. Ren\u00e9 Bagoro a, en outre, sugg\u00e9r\u00e9 que les ministres en charge de l\u2019administration p\u00e9nitentiaire soient davantage mis \u00e0 profit, en marge des rencontres de l\u2019ACSA, pour approuver les travaux et y donner une onction politique. \u00abIl serait \u00e9galement bien qu\u2019une demande soit faite au niveau de l\u2019Union africaine pour que l\u2019ACSA puisse \u00eatre admise au comit\u00e9 technique et scientifique charg\u00e9 des affaires juridiques et judiciaires. Cela va donner beaucoup plus de visibilit\u00e9 \u00e0 l\u2019ACSA et \u00e0 ses actions\u00bb, a recommand\u00e9 le Garde des Sceaux, affirmant dans la foul\u00e9e l\u2019engagement du Burkina, de concert avec les autres pays membres, \u00e0 faire le plaidoyer pour que cela soit une r\u00e9alit\u00e9. Le Burkina Faso, par la voix de son ministre de la Justice, s\u2019est \u00e9galement dit dispos\u00e9 \u00e0 appuyer les Nations unies en personnel p\u00e9nitentiaire. En marge de la c\u00e9r\u00e9monie de cl\u00f4ture, des cadeaux ont \u00e9t\u00e9 remis \u00e0 plusieurs personnes, au rang desquels le pr\u00e9sident du Faso, Roch Marc Christian Kabor\u00e9 et le ministre Ren\u00e9 Bagoro, pour leur soutien aux objectifs de l\u2019ACSA.<\/p>\n<p>Fab\u00e9 Mamadou<br \/>OUATTARA<\/p>\n<div class=\"td-a-rec td-a-rec-id-content_bottom td_uid_31_5cf1a02b4db36_rand td_block_template_1\"><img loading=\"lazy\" decoding=\"async\" class=\"alignright size-full wp-image-1724\" src=\"https:\/\/www.sidwaya.info\/wp-content\/uploads\/2018\/12\/sidwaya-pub.jpg\" alt=\"\" width=\"720\" height=\"90\"\/><\/div>\n<p>Auteur: BM. Sidwaya<br \/>\n<a href=\"https:\/\/www.sidwaya.info\/blog\/2019\/05\/30\/gestion-des-systemes-correctionnels-en-afrique\/\">Cliquez ici pour lire l&rsquo;article depuis sa source.<\/a><\/p>\n","protected":false},"excerpt":{"rendered":"<p>La cl\u00f4ture des travaux de la 5e conf\u00e9rence de l\u2019Association des services correctionnels d\u2019Afrique (ACSA) est intervenue, le jeudi 30 mai 2019, \u00e0 Ouagadougou. Le Botswana a \u00e9t\u00e9 d\u00e9sign\u00e9 pays h\u00f4te de la 6e conf\u00e9rence en 2021. La 5e conf\u00e9rence biannuelle de l\u2019association des services correctionnels d\u2019Afrique (ACSA), ouverte le 27 mai dernier, a pris [&hellip;]<\/p>\n","protected":false},"author":1816,"featured_media":0,"comment_status":"closed","ping_status":"closed","sticky":false,"template":"","format":"standard","meta":{"fifu_image_url":"","fifu_image_alt":"","footnotes":""},"categories":[73,81],"tags":[],"class_list":["post-37999","post","type-post","status-publish","format-standard","hentry","category-actualite","category-burkina-faso"],"_links":{"self":[{"href":"https:\/\/linitiative.ca\/International\/wp-json\/wp\/v2\/posts\/37999","targetHints":{"allow":["GET"]}}],"collection":[{"href":"https:\/\/linitiative.ca\/International\/wp-json\/wp\/v2\/posts"}],"about":[{"href":"https:\/\/linitiative.ca\/International\/wp-json\/wp\/v2\/types\/post"}],"author":[{"embeddable":true,"href":"https:\/\/linitiative.ca\/International\/wp-json\/wp\/v2\/users\/1816"}],"replies":[{"embeddable":true,"href":"https:\/\/linitiative.ca\/International\/wp-json\/wp\/v2\/comments?post=37999"}],"version-history":[{"count":0,"href":"https:\/\/linitiative.ca\/International\/wp-json\/wp\/v2\/posts\/37999\/revisions"}],"wp:attachment":[{"href":"https:\/\/linitiative.ca\/International\/wp-json\/wp\/v2\/media?parent=37999"}],"wp:term":[{"taxonomy":"category","embeddable":true,"href":"https:\/\/linitiative.ca\/International\/wp-json\/wp\/v2\/categories?post=37999"},{"taxonomy":"post_tag","embeddable":true,"href":"https:\/\/linitiative.ca\/International\/wp-json\/wp\/v2\/tags?post=37999"}],"curies":[{"name":"wp","href":"https:\/\/api.w.org\/{rel}","templated":true}]}}