{"id":38000,"date":"2019-05-30T18:24:17","date_gmt":"2019-05-30T22:24:17","guid":{"rendered":"https:\/\/linitiative.ca\/International\/declassement-de-16-hectares-de-la-foret-de-kua\/"},"modified":"2019-05-30T18:24:17","modified_gmt":"2019-05-30T22:24:17","slug":"declassement-de-16-hectares-de-la-foret-de-kua","status":"publish","type":"post","link":"https:\/\/linitiative.ca\/International\/declassement-de-16-hectares-de-la-foret-de-kua\/","title":{"rendered":"D\u00e9classement de 16 hectares  de la for\u00eat de Kua"},"content":{"rendered":"<div class=\"td-post-featured-image\"><a href=\"https:\/\/i1.wp.com\/www.sidwaya.info\/wp-content\/uploads\/2019\/05\/KUA0031-1.jpg?fit=787%2C765&#038;ssl=1\" data-caption=\"\"><img loading=\"lazy\" decoding=\"async\" width=\"696\" height=\"677\" class=\"entry-thumb td-modal-image\" src=\"https:\/\/i1.wp.com\/www.sidwaya.info\/wp-content\/uploads\/2019\/05\/KUA0031-1.jpg?resize=696%2C677&#038;ssl=1\" srcset=\"https:\/\/i1.wp.com\/www.sidwaya.info\/wp-content\/uploads\/2019\/05\/KUA0031-1.jpg?w=787&#038;ssl=1 787w, https:\/\/i1.wp.com\/www.sidwaya.info\/wp-content\/uploads\/2019\/05\/KUA0031-1.jpg?resize=300%2C292&#038;ssl=1 300w, https:\/\/i1.wp.com\/www.sidwaya.info\/wp-content\/uploads\/2019\/05\/KUA0031-1.jpg?resize=768%2C747&#038;ssl=1 768w, https:\/\/i1.wp.com\/www.sidwaya.info\/wp-content\/uploads\/2019\/05\/KUA0031-1.jpg?resize=696%2C677&#038;ssl=1 696w, https:\/\/i1.wp.com\/www.sidwaya.info\/wp-content\/uploads\/2019\/05\/KUA0031-1.jpg?resize=432%2C420&#038;ssl=1 432w, https:\/\/i1.wp.com\/www.sidwaya.info\/wp-content\/uploads\/2019\/05\/KUA0031-1.jpg?resize=45%2C45&#038;ssl=1 45w\" sizes=\"auto, (max-width: 696px) 100vw, 696px\" alt=\"\" title=\"KUA0031\"\/><\/a><\/div>\n<div class=\"td-a-rec td-a-rec-id-content_top td_uid_30_5cf1a02e65191_rand td_block_template_1\"><img loading=\"lazy\" decoding=\"async\" class=\"aligncenter size-full wp-image-4463\" src=\"https:\/\/www.sidwaya.info\/wp-content\/uploads\/2019\/02\/FESPACO-TOUR-2019-Bannie%CC%80re-728x90-1.jpg\" alt=\"\" width=\"728\" height=\"90\"\/><\/div>\n<p><strong>Le Mouvement citoyen pour le d\u00e9veloppement de Bobo-Dioulasso (MCDB) a organis\u00e9 une marche pacifique, le jeudi 30 mai 2019, dans des art\u00e8res de la ville. Une marche pour t\u00e9moigner leur soutien pour la construction de l\u2019h\u00f4pital sur le site de Kua.<\/strong><\/p>\n<p>L\u2019affaire sur le d\u00e9classement des 16 hectares de la for\u00eat de Kua pour la construction de l\u2019h\u00f4pital est loin d\u2019\u00eatre boucl\u00e9e. En effet, le Mouvement citoyen pour le d\u00e9veloppement de Bobo-Dioulasso (MCDB), a organis\u00e9 une marche pacifique, suivie d\u2019une conf\u00e9rence de presse, pour exprimer leur soutien pour la cons-truction de l\u2019h\u00f4pital de r\u00e9f\u00e9rence sur ledit site de Kua. D\u00e9marr\u00e9 \u00e0 8h40 minutes, le mouvement a mobilis\u00e9, enfants, femmes, hommes et vieux de la ville de Sya autour de leur cause. Partis de la Maison des jeunes, ces hommes, f\u00e9tiche en mains, ont sillonn\u00e9 quelques avenues de la ville avant de se rendre au gouvernorat o\u00f9 ils ont remis leur d\u00e9claration liminaire au secr\u00e9taire de l\u2019institution. Dans ce document, le Mouvement affirme son soutien ind\u00e9fectible au gouvernement, appelle les autorit\u00e9s du pays pour l\u2019acc\u00e9l\u00e9ration du processus de d\u00e9classement de la for\u00eat de Kua et sollicite le soutien des forces vives de la ville, afin que ce joyau puisse voir le jour. Le secr\u00e9taire g\u00e9n\u00e9ral repr\u00e9sentant le gouverneur des Hauts-Bassins, Sayouba Sawadogo, a re\u00e7u la lettre des manifestants, et a f\u00e9li-cit\u00e9 leur d\u00e9marche pacifique \u00abAu nom de monsieur le gouverneur, nous vous remercions d\u2019\u00eatre venus et d\u2019avoir fait cette marche de fa\u00e7on pacifique. C\u2019est toujours une interpellation pour ceux-l\u00e0 qui, pour atteindre leur fin, sont en train de d\u00e9truire. Je voudrais vous rassurer que votre lettre sera remise au gouverneur. Son Excellence monsieur le pr\u00e9sident a dit quel que soit le cas, l\u2019h\u00f4pital sera construit \u00e0 Bobo-Dioulasso. Et toujours par rapport \u00e0 votre d\u00e9marche, le gouvernement va prendre les pr\u00e9cautions ad\u00e9quates\u00bb, a-t-il dit. A l\u2019issue de la marche, les manifestants reviennent dans leur quartier g\u00e9n\u00e9ral, o\u00f9 ils ont tenu \u00e0 \u00e9clairer les professionnels de m\u00e9dias sur leur position. Le conf\u00e9rencier, Mamadou Sanou, a demand\u00e9 pardon au nom de l\u2019association, pour les exactions qui ont \u00e9t\u00e9 commises, lors de la pr\u00e9c\u00e9dente conf\u00e9rence de presse du Mouvement pour la protection de la for\u00eat de Kua. Le Mouvement de citoyen pour le d\u00e9veloppement de Bobo-Dioulasso, se conformera aux r\u00e9sultats de l\u2019\u00e9tude d\u2019impact environnemental et social, mais selon eux, jusqu\u2019\u00e0 preuve de contraire le site de Kua, restera le lieu id\u00e9al.<\/p>\n<p>Ibrahim NIAONE<br \/>Moussa Traor\u00e9 SON<br \/>(Stagiaires)<\/p>\n<div class=\"td-a-rec td-a-rec-id-content_bottom td_uid_31_5cf1a02e65323_rand td_block_template_1\"><img loading=\"lazy\" decoding=\"async\" class=\"alignright size-full wp-image-1724\" src=\"https:\/\/www.sidwaya.info\/wp-content\/uploads\/2018\/12\/sidwaya-pub.jpg\" alt=\"\" width=\"720\" height=\"90\"\/><\/div>\n<p>Auteur: BM. Sidwaya<br \/>\n<a href=\"https:\/\/www.sidwaya.info\/blog\/2019\/05\/30\/declassement-de-16-hectares-de-la-foret-de-kua\/\">Cliquez ici pour lire l&rsquo;article depuis sa source.<\/a><\/p>\n","protected":false},"excerpt":{"rendered":"<p>Le Mouvement citoyen pour le d\u00e9veloppement de Bobo-Dioulasso (MCDB) a organis\u00e9 une marche pacifique, le jeudi 30 mai 2019, dans des art\u00e8res de la ville. Une marche pour t\u00e9moigner leur soutien pour la construction de l\u2019h\u00f4pital sur le site de Kua. L\u2019affaire sur le d\u00e9classement des 16 hectares de la for\u00eat de Kua pour la [&hellip;]<\/p>\n","protected":false},"author":1816,"featured_media":0,"comment_status":"closed","ping_status":"closed","sticky":false,"template":"","format":"standard","meta":{"fifu_image_url":"","fifu_image_alt":"","footnotes":""},"categories":[73,81],"tags":[],"class_list":["post-38000","post","type-post","status-publish","format-standard","hentry","category-actualite","category-burkina-faso"],"_links":{"self":[{"href":"https:\/\/linitiative.ca\/International\/wp-json\/wp\/v2\/posts\/38000","targetHints":{"allow":["GET"]}}],"collection":[{"href":"https:\/\/linitiative.ca\/International\/wp-json\/wp\/v2\/posts"}],"about":[{"href":"https:\/\/linitiative.ca\/International\/wp-json\/wp\/v2\/types\/post"}],"author":[{"embeddable":true,"href":"https:\/\/linitiative.ca\/International\/wp-json\/wp\/v2\/users\/1816"}],"replies":[{"embeddable":true,"href":"https:\/\/linitiative.ca\/International\/wp-json\/wp\/v2\/comments?post=38000"}],"version-history":[{"count":0,"href":"https:\/\/linitiative.ca\/International\/wp-json\/wp\/v2\/posts\/38000\/revisions"}],"wp:attachment":[{"href":"https:\/\/linitiative.ca\/International\/wp-json\/wp\/v2\/media?parent=38000"}],"wp:term":[{"taxonomy":"category","embeddable":true,"href":"https:\/\/linitiative.ca\/International\/wp-json\/wp\/v2\/categories?post=38000"},{"taxonomy":"post_tag","embeddable":true,"href":"https:\/\/linitiative.ca\/International\/wp-json\/wp\/v2\/tags?post=38000"}],"curies":[{"name":"wp","href":"https:\/\/api.w.org\/{rel}","templated":true}]}}