{"id":38001,"date":"2019-05-30T18:27:04","date_gmt":"2019-05-30T22:27:04","guid":{"rendered":"https:\/\/linitiative.ca\/International\/le-gendarme-yomboue-bazongo-conduit-a-sa-derniere-demeure\/"},"modified":"2019-05-30T18:27:04","modified_gmt":"2019-05-30T22:27:04","slug":"le-gendarme-yomboue-bazongo-conduit-a-sa-derniere-demeure","status":"publish","type":"post","link":"https:\/\/linitiative.ca\/International\/le-gendarme-yomboue-bazongo-conduit-a-sa-derniere-demeure\/","title":{"rendered":"Le gendarme Yombou\u00e9 Bazongo, conduit \u00e0 sa derni\u00e8re demeure"},"content":{"rendered":"<div class=\"td-a-rec td-a-rec-id-content_top td_uid_30_5cf1a031b8360_rand td_block_template_1\"><img loading=\"lazy\" decoding=\"async\" class=\"aligncenter size-full wp-image-4463\" src=\"https:\/\/www.sidwaya.info\/wp-content\/uploads\/2019\/02\/FESPACO-TOUR-2019-Bannie%CC%80re-728x90-1.jpg\" alt=\"\" width=\"728\" height=\"90\"\/><\/div>\n<p>*Le gendarme Yombou\u00e9 Bazongo, conduit \u00e0 sa derni\u00e8re demeure<br \/>Le gendarme Yombou\u00e9 Bazongo tu\u00e9, le mardi 28 mai 2019, aux environs de 6 heures, par des coupeurs de route, sur les falaises \u00e0 l\u2019entr\u00e9e de Toussiana, a \u00e9t\u00e9 inhum\u00e9 dans l\u2019apr\u00e8s-midi du mercredi 29 mai au cimeti\u00e8re militaire de Bobo-Dioulasso. Le regrett\u00e9, \u00e2g\u00e9 de 41 ans, laisse derri\u00e8re lui une femme et deux enfants. Il a \u00e9t\u00e9 admis \u00e0 la gendarmerie en 2000. En rappel, la victime en service au poste de gendarmerie de Yend\u00e9r\u00e9 dans la r\u00e9gion des Cascades, est tomb\u00e9 sur un braquage d\u2019un car en provenance de la C\u00f4te d\u2019Ivoire. Dans sa voiture, les malfrats lui ont ainsi demand\u00e9 de marquer un arr\u00eat. Apr\u00e8s avoir ralenti, le gendarme s\u2019est rendu compte que c\u2019\u00e9tait un braquage. C\u2019est ainsi qu\u2019il a acc\u00e9l\u00e9r\u00e9 sur l\u2019un des bandits en face de lui. Mais malheureusement, le pandore va prendre une balle dans le dos provenant d\u2019un autre bandit. Son v\u00e9hicule laisse alors la route pour heurter un arbre et il trouve la mort sur place. Selon nos sources, les coupeurs de route ont emport\u00e9 une somme importante.<\/p>\n<p>*Banwa : Une affaire de sucre secoue la section provinciale du MPP<br \/>Le Mouvement du peuple pour le progr\u00e8s (MPP) profitant de ce mois b\u00e9ni de Ramadan, a voulu faire un don de sucre \u00e0 la communaut\u00e9 musulmane des Banwa. C\u2019est ainsi que le secr\u00e9taire g\u00e9n\u00e9ral de la section provinciale des Banwa a \u00e9t\u00e9 appel\u00e9 \u00e0 Bobo-Dioulasso afin d\u2019enlever 60 cartons de sucre pour destination Solenzo. Sur place, selon nos sources, il appelle le ministre Salif Tiemtor\u00e9, pour lui signifier qu\u2019il a beaucoup plu sur la route et pour ce faire 11 cartons seraient tomb\u00e9s dans l\u2019eau et ab\u00eem\u00e9s donc impropres \u00e0 la consommation. Selon les dires, le ministre lui aurait sugg\u00e9r\u00e9 de pr\u00e9senter les cartons ab\u00eem\u00e9s aux membres du bureau provincial et de lui faire un rapport. Alors le secr\u00e9taire g\u00e9n\u00e9ral du parti de la province fait venir les responsables des sous-sections pour la distribution du sucre. Et c\u2019est en leur pr\u00e9sence, qu\u2019il informe que 11 cartons de sucre seraient tomb\u00e9s dans l\u2019eau entre Gnassoumadougou et Signoghin et seulement 49 seront partag\u00e9s. Les autres membres du bureau provincial n\u2019\u00e9tant pas satisfaits de la r\u00e9ponse, ont appel\u00e9 le ministre qui \u00e9tait surpris de cette version. Les membres du bureau se d\u00e9portent \u00e0 la gendarmerie pour porter plainte. Le secr\u00e9taire g\u00e9n\u00e9ral du parti de la province fait savoir \u00e0 la gendarmerie que c\u2019est une affaire politique et qu\u2019il ira convoquer le chauffeur qui a fait perdre les cartons \u00e0 Bobo-Dioulasso. L\u2019affaire est donc entre les mains de la gendarmerie pour investigation.<\/p>\n<p>*D\u00e9classement de 16 hectares de la for\u00eat de Kua : une contre marche pr\u00e9vue demain samedi<br \/>Une marche contre le d\u00e9classement des 16 hectares de la for\u00eat de Kua pour la construction de l\u2019h\u00f4pital, est pr\u00e9vue, ce samedi 1er juin 2019 \u00e0 Bobo-Dioulasso. Ce mouvement vient apr\u00e8s la marche organis\u00e9e par le Mouvement citoyen pour le d\u00e9veloppement de Bobo-Dioulasso, ce jeudi 30 mai 2019. Au cours de ladite marche du jeudi, des menaces ont \u00e9t\u00e9 faites \u00e0 l\u2019encontre des personnes qui vont participer \u00e0 celle du samedi. Les hommes de m\u00e9dias ont \u00e9t\u00e9 menac\u00e9s \u00e9galement. Il leur est interdit de couvrir la marche de demain samedi. Les autorit\u00e9s sont donc invit\u00e9es \u00e0 prendre le taureau par les cornes plut\u00f4t que de vouloir jouer au m\u00e9decin apr\u00e8s la mort.<\/p>\n<p>*Incidents \u00e0 la conf\u00e9rence de presse du MPFCK : l\u2019AJB condamne<br \/>\u00abC\u2019est avec consternation que l\u2019Association des journalistes du Burkina (AJB) a appris les incidents intervenus, le dimanche 26 mai 2019 \u00e0 l\u2019issue d\u2019une conf\u00e9rence de presse anim\u00e9e par le Mouvement pour la protection de la for\u00eat class\u00e9e de Kua. Un groupe de jeunes organis\u00e9 s\u2019en est pris, d\u2019une part, aux organisateurs de ladite conf\u00e9rence rest\u00e9s sur les lieux apr\u00e8s la conf\u00e9rence, au mat\u00e9riel et, d\u2019autre part, \u00e0 certains journalistes et ont fait irruption dans les locaux de la RTB2 Bobo voulant les obliger \u00e0 couvrir leur activit\u00e9. Cet acte qui est aux antipodes de la libert\u00e9 d\u2019expression tant souhait\u00e9e par tous, ne saurait \u00eatre cautionn\u00e9 par l\u2019AJB. Aussi, il nous est revenu que certains de nos confr\u00e8res sont la cible de ces agitations. Il convient donc de rappeler aux auteurs de ces actes que les journalistes ont le droit de couvrir toutes activit\u00e9s qu\u2019ils jugent n\u00e9cessaires. Que ce soit de ceux qui sont oppos\u00e9s au d\u00e9classement d\u2019une partie de la for\u00eat de Kua ou de ceux qui y sont d\u2019avis contraire. C\u2019est pourquoi l\u2019Association des Journalistes du Burkina condamne fermement ces actes qui n\u2019honorent pas notre jeune d\u00e9mocratie et qui se pr\u00e9sentent comme un danger pour la libert\u00e9 d\u2019expression et de presse. Nous interpellons chacun des acteurs \u00e0 faire preuve de discipline et de respect pour notre profession. Aux auteurs, nous leur demandons des excuses publiques \u00e0 la direction de la RTB2 Bobo et \u00e0 l\u2019ensemble de son personnel. En outre, l\u2019AJB invite les journalistes \u00e0 rester professionnels dans leur r\u00f4le d\u2019informer en toute impartialit\u00e9 tenant compte de l\u2019\u00e9thique et de la d\u00e9ontologie.\u00bb<\/p>\n<div class=\"td-a-rec td-a-rec-id-content_bottom td_uid_31_5cf1a031b8507_rand td_block_template_1\"><img loading=\"lazy\" decoding=\"async\" class=\"alignright size-full wp-image-1724\" src=\"https:\/\/www.sidwaya.info\/wp-content\/uploads\/2018\/12\/sidwaya-pub.jpg\" alt=\"\" width=\"720\" height=\"90\"\/><\/div>\n<p>Auteur: BM. Sidwaya<br \/>\n<a href=\"https:\/\/www.sidwaya.info\/blog\/2019\/05\/30\/le-gendarme-yomboue-bazongo-conduit-a-sa-derniere-demeure\/\">Cliquez ici pour lire l&rsquo;article depuis sa source.<\/a><\/p>\n","protected":false},"excerpt":{"rendered":"<p>*Le gendarme Yombou\u00e9 Bazongo, conduit \u00e0 sa derni\u00e8re demeureLe gendarme Yombou\u00e9 Bazongo tu\u00e9, le mardi 28 mai 2019, aux environs de 6 heures, par des coupeurs de route, sur les falaises \u00e0 l\u2019entr\u00e9e de Toussiana, a \u00e9t\u00e9 inhum\u00e9 dans l\u2019apr\u00e8s-midi du mercredi 29 mai au cimeti\u00e8re militaire de Bobo-Dioulasso. Le regrett\u00e9, \u00e2g\u00e9 de 41 ans, [&hellip;]<\/p>\n","protected":false},"author":1816,"featured_media":38002,"comment_status":"closed","ping_status":"closed","sticky":false,"template":"","format":"standard","meta":{"fifu_image_url":"","fifu_image_alt":"","footnotes":""},"categories":[73,81],"tags":[],"class_list":["post-38001","post","type-post","status-publish","format-standard","has-post-thumbnail","hentry","category-actualite","category-burkina-faso"],"_links":{"self":[{"href":"https:\/\/linitiative.ca\/International\/wp-json\/wp\/v2\/posts\/38001","targetHints":{"allow":["GET"]}}],"collection":[{"href":"https:\/\/linitiative.ca\/International\/wp-json\/wp\/v2\/posts"}],"about":[{"href":"https:\/\/linitiative.ca\/International\/wp-json\/wp\/v2\/types\/post"}],"author":[{"embeddable":true,"href":"https:\/\/linitiative.ca\/International\/wp-json\/wp\/v2\/users\/1816"}],"replies":[{"embeddable":true,"href":"https:\/\/linitiative.ca\/International\/wp-json\/wp\/v2\/comments?post=38001"}],"version-history":[{"count":0,"href":"https:\/\/linitiative.ca\/International\/wp-json\/wp\/v2\/posts\/38001\/revisions"}],"wp:featuredmedia":[{"embeddable":true,"href":"https:\/\/linitiative.ca\/International\/wp-json\/"}],"wp:attachment":[{"href":"https:\/\/linitiative.ca\/International\/wp-json\/wp\/v2\/media?parent=38001"}],"wp:term":[{"taxonomy":"category","embeddable":true,"href":"https:\/\/linitiative.ca\/International\/wp-json\/wp\/v2\/categories?post=38001"},{"taxonomy":"post_tag","embeddable":true,"href":"https:\/\/linitiative.ca\/International\/wp-json\/wp\/v2\/tags?post=38001"}],"curies":[{"name":"wp","href":"https:\/\/api.w.org\/{rel}","templated":true}]}}