{"id":38233,"date":"2019-06-02T10:11:39","date_gmt":"2019-06-02T14:11:39","guid":{"rendered":"https:\/\/linitiative.ca\/International\/angelina-jolie-a-son-tour-victime-dune-rumeur-de-deces\/"},"modified":"2019-06-02T10:11:39","modified_gmt":"2019-06-02T14:11:39","slug":"angelina-jolie-a-son-tour-victime-dune-rumeur-de-deces","status":"publish","type":"post","link":"https:\/\/linitiative.ca\/International\/angelina-jolie-a-son-tour-victime-dune-rumeur-de-deces\/","title":{"rendered":"Angelina Jolie \u00e0 son tour victime d\u2019une rumeur de d\u00e9c\u00e8s"},"content":{"rendered":"<p>La fausse nouvelle du d\u00e9c\u00e8s de l\u2019actrice c\u00e9l\u00e8bre annonc\u00e9e samedi apr\u00e8s-midi sur Twitter a provoqu\u00e9 un emballement m\u00e9diatique sans pr\u00e9c\u00e9dent. Pas de panique, \u00e0 43 ans Angelina Jolie est toujours vivante et bien portante.<\/p>\n<p>Depuis samedi (1 juin), une rumeur lanc\u00e9e sur Twitter concernant une potentielle mort d\u2019Angelina Jolie a enflamm\u00e9 le r\u00e9seau social.<\/p>\n<p>La fausse information est ensuite reprise par quelques radios puis par des m\u00e9dias du monde entier. Ce n\u2019est que tard dans la soir\u00e9e de samedi que le porte-parole de l\u2019actrice se serait fendu d\u2019un communiqu\u00e9 laconique qui \u00ab\u00a0<em>d\u00e9ment formellement le d\u00e9c\u00e8s d\u2019Angelina Jolie<\/em>\u00a0\u00bb.<\/p>\n<p class=\"dpsp-share-text\">Partager c&rsquo;est aimer!<\/p>\n<div class=\"wp-post-author-wrap wp-post-author-shortcode left\">\n<h3 class=\"awpa-title\"\/>\n<div class=\"wp-post-author\">\n<div class=\"awpa-img awpa-author-block square\"><a href=\"http:\/\/lexpertjournal.net\/fr\/author\/expert\/\"><img loading=\"lazy\" decoding=\"async\" alt=\"\" src=\"http:\/\/2.gravatar.com\/avatar\/56d99be2a6f97af88ccb49fada637fcd?s=150&#038;d=mm&#038;r=g\" srcset=\"http:\/\/2.gravatar.com\/avatar\/56d99be2a6f97af88ccb49fada637fcd?s=300&#038;d=mm&#038;r=g 2x\" class=\"avatar avatar-150 photo\" height=\"150\" width=\"150\"\/><\/a><\/div>\n<\/div>\n<\/div>\n<p>Auteur: L&rsquo;expert<br \/>\n<a href=\"http:\/\/lexpertjournal.net\/fr\/2019\/06\/02\/angelina-jolie-a-son-tour-victime-dune-rumeur-de-deces\/\">Cliquez ici pour lire l&rsquo;article depuis sa source.<\/a><\/p>\n","protected":false},"excerpt":{"rendered":"<p>La fausse nouvelle du d\u00e9c\u00e8s de l\u2019actrice c\u00e9l\u00e8bre annonc\u00e9e samedi apr\u00e8s-midi sur Twitter a provoqu\u00e9 un emballement m\u00e9diatique sans pr\u00e9c\u00e9dent. Pas de panique, \u00e0 43 ans Angelina Jolie est toujours vivante et bien portante. Depuis samedi (1 juin), une rumeur lanc\u00e9e sur Twitter concernant une potentielle mort d\u2019Angelina Jolie a enflamm\u00e9 le r\u00e9seau social. La [&hellip;]<\/p>\n","protected":false},"author":1775,"featured_media":0,"comment_status":"closed","ping_status":"closed","sticky":false,"template":"","format":"standard","meta":{"fifu_image_url":"","fifu_image_alt":"","footnotes":""},"categories":[78,55],"tags":[],"class_list":["post-38233","post","type-post","status-publish","format-standard","hentry","category-economie","category-tunisie"],"_links":{"self":[{"href":"https:\/\/linitiative.ca\/International\/wp-json\/wp\/v2\/posts\/38233","targetHints":{"allow":["GET"]}}],"collection":[{"href":"https:\/\/linitiative.ca\/International\/wp-json\/wp\/v2\/posts"}],"about":[{"href":"https:\/\/linitiative.ca\/International\/wp-json\/wp\/v2\/types\/post"}],"author":[{"embeddable":true,"href":"https:\/\/linitiative.ca\/International\/wp-json\/wp\/v2\/users\/1775"}],"replies":[{"embeddable":true,"href":"https:\/\/linitiative.ca\/International\/wp-json\/wp\/v2\/comments?post=38233"}],"version-history":[{"count":0,"href":"https:\/\/linitiative.ca\/International\/wp-json\/wp\/v2\/posts\/38233\/revisions"}],"wp:attachment":[{"href":"https:\/\/linitiative.ca\/International\/wp-json\/wp\/v2\/media?parent=38233"}],"wp:term":[{"taxonomy":"category","embeddable":true,"href":"https:\/\/linitiative.ca\/International\/wp-json\/wp\/v2\/categories?post=38233"},{"taxonomy":"post_tag","embeddable":true,"href":"https:\/\/linitiative.ca\/International\/wp-json\/wp\/v2\/tags?post=38233"}],"curies":[{"name":"wp","href":"https:\/\/api.w.org\/{rel}","templated":true}]}}