{"id":38246,"date":"2019-06-02T09:55:57","date_gmt":"2019-06-02T13:55:57","guid":{"rendered":"https:\/\/linitiative.ca\/International\/secousse-tellurique-de-magnitude-35-degres-dans-la-wilaya-dalger\/"},"modified":"2019-06-02T09:55:57","modified_gmt":"2019-06-02T13:55:57","slug":"secousse-tellurique-de-magnitude-35-degres-dans-la-wilaya-dalger","status":"publish","type":"post","link":"https:\/\/linitiative.ca\/International\/secousse-tellurique-de-magnitude-35-degres-dans-la-wilaya-dalger\/","title":{"rendered":"Secousse tellurique de magnitude 3,5 degr\u00e9s dans la wilaya d&rsquo;Alger"},"content":{"rendered":"<div>\n<div class=\"K2FeedImage\"><img decoding=\"async\" src=\"http:\/\/www.aps.dz\/media\/k2\/items\/cache\/8a44ddbdf575ca8770d1c4fe103cf4a7_S.jpg\" alt=\"Secousse tellurique de magnitude 3,5 degr\u00e9s dans la wilaya d'Alger\"><\/div>\n<div class=\"K2FeedIntroText\">\n<p><strong>ALGER &#8211; Une secousse tellurique d&rsquo;une magnitude de 3,5 degr\u00e9s sur l&rsquo;\u00e9chelle ouverte de Richter a \u00e9t\u00e9 enregistr\u00e9e samedi \u00e0 23h51 (heure locale) dans la wilaya d&rsquo;Alger, indique le Centre de recherche en astronomie, astrophysique et g\u00e9ophysique (CRAAG) dans un communiqu\u00e9.<\/strong><\/p>\n<\/div>\n<div class=\"K2FeedFullText\">\n<p>L&rsquo;\u00e9picentre de la secousse a \u00e9t\u00e9 localis\u00e9 \u00e0 3 km Nord-ouest de Bordj el Bahri (wilaya d&rsquo;Alger), pr\u00e9cise la m\u00eame source.<\/p>\n<\/div>\n<\/div>\n<p>Auteur:<br \/>\n<a href=\"http:\/\/www.aps.dz\/regions\/90176-secousse-tellurique-de-magnitude-3-5-degres-dans-la-wilaya-d-alger\">Cliquez ici pour lire l&rsquo;article depuis sa source.<\/a><\/p>\n","protected":false},"excerpt":{"rendered":"<p>ALGER &#8211; Une secousse tellurique d&rsquo;une magnitude de 3,5 degr\u00e9s sur l&rsquo;\u00e9chelle ouverte de Richter a \u00e9t\u00e9 enregistr\u00e9e samedi \u00e0 23h51 (heure locale) dans la wilaya d&rsquo;Alger, indique le Centre de recherche en astronomie, astrophysique et g\u00e9ophysique (CRAAG) dans un communiqu\u00e9. L&rsquo;\u00e9picentre de la secousse a \u00e9t\u00e9 localis\u00e9 \u00e0 3 km Nord-ouest de Bordj el [&hellip;]<\/p>\n","protected":false},"author":1790,"featured_media":38247,"comment_status":"closed","ping_status":"closed","sticky":false,"template":"","format":"standard","meta":{"fifu_image_url":"","fifu_image_alt":"","footnotes":""},"categories":[53,76],"tags":[],"class_list":["post-38246","post","type-post","status-publish","format-standard","has-post-thumbnail","hentry","category-algerie","category-regions"],"_links":{"self":[{"href":"https:\/\/linitiative.ca\/International\/wp-json\/wp\/v2\/posts\/38246","targetHints":{"allow":["GET"]}}],"collection":[{"href":"https:\/\/linitiative.ca\/International\/wp-json\/wp\/v2\/posts"}],"about":[{"href":"https:\/\/linitiative.ca\/International\/wp-json\/wp\/v2\/types\/post"}],"author":[{"embeddable":true,"href":"https:\/\/linitiative.ca\/International\/wp-json\/wp\/v2\/users\/1790"}],"replies":[{"embeddable":true,"href":"https:\/\/linitiative.ca\/International\/wp-json\/wp\/v2\/comments?post=38246"}],"version-history":[{"count":0,"href":"https:\/\/linitiative.ca\/International\/wp-json\/wp\/v2\/posts\/38246\/revisions"}],"wp:featuredmedia":[{"embeddable":true,"href":"https:\/\/linitiative.ca\/International\/wp-json\/"}],"wp:attachment":[{"href":"https:\/\/linitiative.ca\/International\/wp-json\/wp\/v2\/media?parent=38246"}],"wp:term":[{"taxonomy":"category","embeddable":true,"href":"https:\/\/linitiative.ca\/International\/wp-json\/wp\/v2\/categories?post=38246"},{"taxonomy":"post_tag","embeddable":true,"href":"https:\/\/linitiative.ca\/International\/wp-json\/wp\/v2\/tags?post=38246"}],"curies":[{"name":"wp","href":"https:\/\/api.w.org\/{rel}","templated":true}]}}