{"id":38248,"date":"2019-06-02T09:58:44","date_gmt":"2019-06-02T13:58:44","guid":{"rendered":"https:\/\/linitiative.ca\/International\/pluie-et-grele-sur-illizi-jusqua-lundi-matin\/"},"modified":"2019-06-02T09:58:44","modified_gmt":"2019-06-02T13:58:44","slug":"pluie-et-grele-sur-illizi-jusqua-lundi-matin","status":"publish","type":"post","link":"https:\/\/linitiative.ca\/International\/pluie-et-grele-sur-illizi-jusqua-lundi-matin\/","title":{"rendered":"Pluie et gr\u00eale sur Illizi jusqu&rsquo;\u00e0 lundi matin"},"content":{"rendered":"<div>\n<div class=\"K2FeedImage\"><img decoding=\"async\" src=\"http:\/\/www.aps.dz\/media\/k2\/items\/cache\/1e58b98ea399d62d2dcffc1204496bc2_S.jpg\" alt=\"Pluie et gr\u00eale sur Illizi jusqu'\u00e0 lundi matin\"><\/div>\n<div class=\"K2FeedIntroText\">\n<p><strong>ALGER &#8211; Une activit\u00e9 pluvio-orageuse, accompagn\u00e9e d&rsquo;averses de pluie ou de gr\u00eale, continuera d&rsquo;affecter la wilaya d&rsquo;Illizi jusqu&rsquo;\u00e0 lundi matin, selon un bulletin m\u00e9t\u00e9orologique sp\u00e9cial (BMS) \u00e9mis dimanche par les services de l&rsquo;Office national de m\u00e9t\u00e9orologie.<\/strong><\/p>\n<\/div>\n<div class=\"K2FeedFullText\">\n<p>La validit\u00e9 du bulletin s&rsquo;\u00e9tale du dimanche \u00e0 12h00 au lundi \u00e0 03h00 avec des cumuls de pluie qui atteindront ou d\u00e9passeront localement 25 mm, pr\u00e9cise la m\u00eame source.<\/p>\n<\/div>\n<\/div>\n<p>Auteur:<br \/>\n<a href=\"http:\/\/www.aps.dz\/regions\/90177-pluie-et-grele-sur-illizi-jusqu-a-lundi-matin\">Cliquez ici pour lire l&rsquo;article depuis sa source.<\/a><\/p>\n","protected":false},"excerpt":{"rendered":"<p>ALGER &#8211; Une activit\u00e9 pluvio-orageuse, accompagn\u00e9e d&rsquo;averses de pluie ou de gr\u00eale, continuera d&rsquo;affecter la wilaya d&rsquo;Illizi jusqu&rsquo;\u00e0 lundi matin, selon un bulletin m\u00e9t\u00e9orologique sp\u00e9cial (BMS) \u00e9mis dimanche par les services de l&rsquo;Office national de m\u00e9t\u00e9orologie. La validit\u00e9 du bulletin s&rsquo;\u00e9tale du dimanche \u00e0 12h00 au lundi \u00e0 03h00 avec des cumuls de pluie qui [&hellip;]<\/p>\n","protected":false},"author":1790,"featured_media":38249,"comment_status":"closed","ping_status":"closed","sticky":false,"template":"","format":"standard","meta":{"fifu_image_url":"","fifu_image_alt":"","footnotes":""},"categories":[53,76],"tags":[],"class_list":["post-38248","post","type-post","status-publish","format-standard","has-post-thumbnail","hentry","category-algerie","category-regions"],"_links":{"self":[{"href":"https:\/\/linitiative.ca\/International\/wp-json\/wp\/v2\/posts\/38248","targetHints":{"allow":["GET"]}}],"collection":[{"href":"https:\/\/linitiative.ca\/International\/wp-json\/wp\/v2\/posts"}],"about":[{"href":"https:\/\/linitiative.ca\/International\/wp-json\/wp\/v2\/types\/post"}],"author":[{"embeddable":true,"href":"https:\/\/linitiative.ca\/International\/wp-json\/wp\/v2\/users\/1790"}],"replies":[{"embeddable":true,"href":"https:\/\/linitiative.ca\/International\/wp-json\/wp\/v2\/comments?post=38248"}],"version-history":[{"count":0,"href":"https:\/\/linitiative.ca\/International\/wp-json\/wp\/v2\/posts\/38248\/revisions"}],"wp:featuredmedia":[{"embeddable":true,"href":"https:\/\/linitiative.ca\/International\/wp-json\/"}],"wp:attachment":[{"href":"https:\/\/linitiative.ca\/International\/wp-json\/wp\/v2\/media?parent=38248"}],"wp:term":[{"taxonomy":"category","embeddable":true,"href":"https:\/\/linitiative.ca\/International\/wp-json\/wp\/v2\/categories?post=38248"},{"taxonomy":"post_tag","embeddable":true,"href":"https:\/\/linitiative.ca\/International\/wp-json\/wp\/v2\/tags?post=38248"}],"curies":[{"name":"wp","href":"https:\/\/api.w.org\/{rel}","templated":true}]}}