{"id":38258,"date":"2019-06-02T15:14:07","date_gmt":"2019-06-02T19:14:07","guid":{"rendered":"https:\/\/linitiative.ca\/International\/international-le-pack-de-joueurs-que-proposerait-le-real-madrid-pour-recuperer-pogba\/"},"modified":"2019-06-02T15:14:07","modified_gmt":"2019-06-02T19:14:07","slug":"international-le-pack-de-joueurs-que-proposerait-le-real-madrid-pour-recuperer-pogba","status":"publish","type":"post","link":"https:\/\/linitiative.ca\/International\/international-le-pack-de-joueurs-que-proposerait-le-real-madrid-pour-recuperer-pogba\/","title":{"rendered":"International : Le pack de joueurs que proposerait le Real Madrid pour r\u00e9cup\u00e9rer Pogba"},"content":{"rendered":"<div readability=\"32\">\n<p>Auteur : <span class=\"time\">dimanche 02 juin 2019 14:26<\/span><\/p>\n<\/div>\n<div id=\"post_core\" readability=\"48\">\n<p>Dans son \u00e9dition du jour, le Times r\u00e9v\u00e8le ainsi que Florentino Perez songe \u00e0 incorporer plusieurs joueurs afin de recruter Pogba et pour ne pas payer une indemnit\u00e9 de transfert astronomique. Parmi les \u00e9l\u00e9ments concern\u00e9s, on retrouverait Gareth Bale dont le gros salaire plombe les finances madril\u00e8nes, mais aussi James Rodriguez pr\u00eat\u00e9 deux saisons au Bayern Munich, ou encore Theo Hernandez et Keylor Navas comme l&rsquo;indique Footmercato.<\/p>\n<p>Pendant un temps, Isco \u00e9tait concern\u00e9 par cette op\u00e9ration, mais Florentino Perez se serait r\u00e9tract\u00e9 face au d\u00e9sir de Zidane de conserver son joueur la saison prochaine. Pour rappel, Paul Pogba reste sous contrat jusqu\u2019en juin 2021 avec Manchester United.<\/p>\n<p><strong>Publi\u00e9 dans :<\/strong> <span>real madrid<\/span><\/p>\n<\/div>\n<p>Auteur:<br \/>\n<a href=\"http:\/\/www.lebuteur.com\/article\/detail?titre=le-pack-de-joueurs-que-proposerait-le-real-madrid-pour-recuperer-pogba&#038;id=89285&#038;utm_source=feedburner&#038;utm_medium=feed&#038;utm_campaign=Feed%3A+GalerieFArtciles+%28Les+derniers+articles++-+lebuteur.com%29\">Cliquez ici pour lire l&rsquo;article depuis sa source.<\/a><\/p>\n","protected":false},"excerpt":{"rendered":"<p>Auteur : dimanche 02 juin 2019 14:26 Dans son \u00e9dition du jour, le Times r\u00e9v\u00e8le ainsi que Florentino Perez songe \u00e0 incorporer plusieurs joueurs afin de recruter Pogba et pour ne pas payer une indemnit\u00e9 de transfert astronomique. Parmi les \u00e9l\u00e9ments concern\u00e9s, on retrouverait Gareth Bale dont le gros salaire plombe les finances madril\u00e8nes, mais [&hellip;]<\/p>\n","protected":false},"author":1738,"featured_media":38259,"comment_status":"closed","ping_status":"closed","sticky":false,"template":"","format":"standard","meta":{"fifu_image_url":"","fifu_image_alt":"","footnotes":""},"categories":[53,75],"tags":[],"class_list":["post-38258","post","type-post","status-publish","format-standard","has-post-thumbnail","hentry","category-algerie","category-sport"],"_links":{"self":[{"href":"https:\/\/linitiative.ca\/International\/wp-json\/wp\/v2\/posts\/38258","targetHints":{"allow":["GET"]}}],"collection":[{"href":"https:\/\/linitiative.ca\/International\/wp-json\/wp\/v2\/posts"}],"about":[{"href":"https:\/\/linitiative.ca\/International\/wp-json\/wp\/v2\/types\/post"}],"author":[{"embeddable":true,"href":"https:\/\/linitiative.ca\/International\/wp-json\/wp\/v2\/users\/1738"}],"replies":[{"embeddable":true,"href":"https:\/\/linitiative.ca\/International\/wp-json\/wp\/v2\/comments?post=38258"}],"version-history":[{"count":0,"href":"https:\/\/linitiative.ca\/International\/wp-json\/wp\/v2\/posts\/38258\/revisions"}],"wp:featuredmedia":[{"embeddable":true,"href":"https:\/\/linitiative.ca\/International\/wp-json\/"}],"wp:attachment":[{"href":"https:\/\/linitiative.ca\/International\/wp-json\/wp\/v2\/media?parent=38258"}],"wp:term":[{"taxonomy":"category","embeddable":true,"href":"https:\/\/linitiative.ca\/International\/wp-json\/wp\/v2\/categories?post=38258"},{"taxonomy":"post_tag","embeddable":true,"href":"https:\/\/linitiative.ca\/International\/wp-json\/wp\/v2\/tags?post=38258"}],"curies":[{"name":"wp","href":"https:\/\/api.w.org\/{rel}","templated":true}]}}