{"id":38262,"date":"2019-06-02T15:14:09","date_gmt":"2019-06-02T19:14:09","guid":{"rendered":"https:\/\/linitiative.ca\/International\/international-om-balotelli-encore-flou-sur-son-avenir\/"},"modified":"2019-06-02T15:14:09","modified_gmt":"2019-06-02T19:14:09","slug":"international-om-balotelli-encore-flou-sur-son-avenir","status":"publish","type":"post","link":"https:\/\/linitiative.ca\/International\/international-om-balotelli-encore-flou-sur-son-avenir\/","title":{"rendered":"International : OM : Balotelli encore flou sur son avenir"},"content":{"rendered":"<div readability=\"32\">\n<p>Auteur : <span class=\"time\">dimanche 02 juin 2019 15:15<\/span><\/p>\n<\/div>\n<div id=\"post_core\" readability=\"46\">\n<p>Ouvert \u00e0 toutes les possibilit\u00e9s concernant son avenir, l&rsquo;international italien va prendre le temps de la r\u00e9flexion avant de faire son choix.<\/p>\n<p>\u00ab\u00a0Pour \u00eatre honn\u00eate, je n\u2019ai encore rien d\u00e9cid\u00e9 et je n\u2019ai m\u00eame parl\u00e9 de mon avenir avec mon agent. Je voudrais d\u2019abord un peu de vacances\u00a0\u00bb, a comment\u00e9 l&rsquo;ancien joueur de Manchester City rapporte Maxifoot.<\/p>\n<p>De son c\u00f4t\u00e9, l&rsquo;OM pourrait ne pas essayer de retenir Balotelli en raison de son salaire imposant et des limites impos\u00e9es par le fair-play financier de l&rsquo;UEFA.<\/p>\n<p><strong>Publi\u00e9 dans :<\/strong> <span>balotelli<\/span> <span>OM<\/span><\/p>\n<\/div>\n<p>Auteur:<br \/>\n<a href=\"http:\/\/www.lebuteur.com\/article\/detail?titre=om-balotelli-encore-flou-sur-son-avenir&#038;id=89287&#038;utm_source=feedburner&#038;utm_medium=feed&#038;utm_campaign=Feed%3A+GalerieFArtciles+%28Les+derniers+articles++-+lebuteur.com%29\">Cliquez ici pour lire l&rsquo;article depuis sa source.<\/a><\/p>\n","protected":false},"excerpt":{"rendered":"<p>Auteur : dimanche 02 juin 2019 15:15 Ouvert \u00e0 toutes les possibilit\u00e9s concernant son avenir, l&rsquo;international italien va prendre le temps de la r\u00e9flexion avant de faire son choix. \u00ab\u00a0Pour \u00eatre honn\u00eate, je n\u2019ai encore rien d\u00e9cid\u00e9 et je n\u2019ai m\u00eame parl\u00e9 de mon avenir avec mon agent. Je voudrais d\u2019abord un peu de vacances\u00a0\u00bb, [&hellip;]<\/p>\n","protected":false},"author":1738,"featured_media":38263,"comment_status":"closed","ping_status":"closed","sticky":false,"template":"","format":"standard","meta":{"fifu_image_url":"","fifu_image_alt":"","footnotes":""},"categories":[53,75],"tags":[],"class_list":["post-38262","post","type-post","status-publish","format-standard","has-post-thumbnail","hentry","category-algerie","category-sport"],"_links":{"self":[{"href":"https:\/\/linitiative.ca\/International\/wp-json\/wp\/v2\/posts\/38262","targetHints":{"allow":["GET"]}}],"collection":[{"href":"https:\/\/linitiative.ca\/International\/wp-json\/wp\/v2\/posts"}],"about":[{"href":"https:\/\/linitiative.ca\/International\/wp-json\/wp\/v2\/types\/post"}],"author":[{"embeddable":true,"href":"https:\/\/linitiative.ca\/International\/wp-json\/wp\/v2\/users\/1738"}],"replies":[{"embeddable":true,"href":"https:\/\/linitiative.ca\/International\/wp-json\/wp\/v2\/comments?post=38262"}],"version-history":[{"count":0,"href":"https:\/\/linitiative.ca\/International\/wp-json\/wp\/v2\/posts\/38262\/revisions"}],"wp:featuredmedia":[{"embeddable":true,"href":"https:\/\/linitiative.ca\/International\/wp-json\/"}],"wp:attachment":[{"href":"https:\/\/linitiative.ca\/International\/wp-json\/wp\/v2\/media?parent=38262"}],"wp:term":[{"taxonomy":"category","embeddable":true,"href":"https:\/\/linitiative.ca\/International\/wp-json\/wp\/v2\/categories?post=38262"},{"taxonomy":"post_tag","embeddable":true,"href":"https:\/\/linitiative.ca\/International\/wp-json\/wp\/v2\/tags?post=38262"}],"curies":[{"name":"wp","href":"https:\/\/api.w.org\/{rel}","templated":true}]}}