{"id":38266,"date":"2019-06-02T15:14:13","date_gmt":"2019-06-02T19:14:13","guid":{"rendered":"https:\/\/linitiative.ca\/International\/pros-lentraineur-de-la-lazio-demande-le-recrutement-de-fares\/"},"modified":"2019-06-02T15:14:13","modified_gmt":"2019-06-02T19:14:13","slug":"pros-lentraineur-de-la-lazio-demande-le-recrutement-de-fares","status":"publish","type":"post","link":"https:\/\/linitiative.ca\/International\/pros-lentraineur-de-la-lazio-demande-le-recrutement-de-fares\/","title":{"rendered":"Pros : L\u2019entra\u00eeneur de la Lazio demande le recrutement de Far\u00e8s"},"content":{"rendered":"<div readability=\"32\">\n<p>Auteur : <span>Riad O.<\/span> <span class=\"time\">dimanche 02 juin 2019 17:53<\/span><\/p>\n<\/div>\n<div id=\"post_core\" readability=\"40\">\n<p>A en croire la presse italienne, l\u2019entra\u00eeneur de la Lazio de Rome, Simone Inzaghi aurait mis le nom de Mohamed Far\u00e8s dans sa liste des joueurs demand\u00e9s pour renforcer les rangs du club de la capitale italienne la saison prochaine. Le technicien italien, qui est un adepte du 3-5-2, voit en Far\u00e8s le joueur id\u00e9al pour occuper le flanc gauche de l\u2019\u00e9quipe la saison prochaine. Auteur de trois buts en championnat avec SPAL, Far\u00e8s devrait connaitre une nouvelle exp\u00e9rience ailleurs la saison prochaine.<\/p>\n<p><strong>Publi\u00e9 dans :<\/strong> <span>Fares<\/span><\/p>\n<\/div>\n<p>Auteur:<br \/>\n<a href=\"http:\/\/www.lebuteur.com\/article\/detail?titre=lentraineur-de-la-lazio-demande-le-recrutement-de-fares&#038;id=89289&#038;utm_source=feedburner&#038;utm_medium=feed&#038;utm_campaign=Feed%3A+GalerieFArtciles+%28Les+derniers+articles++-+lebuteur.com%29\">Cliquez ici pour lire l&rsquo;article depuis sa source.<\/a><\/p>\n","protected":false},"excerpt":{"rendered":"<p>Auteur : Riad O. dimanche 02 juin 2019 17:53 A en croire la presse italienne, l\u2019entra\u00eeneur de la Lazio de Rome, Simone Inzaghi aurait mis le nom de Mohamed Far\u00e8s dans sa liste des joueurs demand\u00e9s pour renforcer les rangs du club de la capitale italienne la saison prochaine. Le technicien italien, qui est un [&hellip;]<\/p>\n","protected":false},"author":1738,"featured_media":38267,"comment_status":"closed","ping_status":"closed","sticky":false,"template":"","format":"standard","meta":{"fifu_image_url":"","fifu_image_alt":"","footnotes":""},"categories":[53,75],"tags":[],"class_list":["post-38266","post","type-post","status-publish","format-standard","has-post-thumbnail","hentry","category-algerie","category-sport"],"_links":{"self":[{"href":"https:\/\/linitiative.ca\/International\/wp-json\/wp\/v2\/posts\/38266","targetHints":{"allow":["GET"]}}],"collection":[{"href":"https:\/\/linitiative.ca\/International\/wp-json\/wp\/v2\/posts"}],"about":[{"href":"https:\/\/linitiative.ca\/International\/wp-json\/wp\/v2\/types\/post"}],"author":[{"embeddable":true,"href":"https:\/\/linitiative.ca\/International\/wp-json\/wp\/v2\/users\/1738"}],"replies":[{"embeddable":true,"href":"https:\/\/linitiative.ca\/International\/wp-json\/wp\/v2\/comments?post=38266"}],"version-history":[{"count":0,"href":"https:\/\/linitiative.ca\/International\/wp-json\/wp\/v2\/posts\/38266\/revisions"}],"wp:featuredmedia":[{"embeddable":true,"href":"https:\/\/linitiative.ca\/International\/wp-json\/"}],"wp:attachment":[{"href":"https:\/\/linitiative.ca\/International\/wp-json\/wp\/v2\/media?parent=38266"}],"wp:term":[{"taxonomy":"category","embeddable":true,"href":"https:\/\/linitiative.ca\/International\/wp-json\/wp\/v2\/categories?post=38266"},{"taxonomy":"post_tag","embeddable":true,"href":"https:\/\/linitiative.ca\/International\/wp-json\/wp\/v2\/tags?post=38266"}],"curies":[{"name":"wp","href":"https:\/\/api.w.org\/{rel}","templated":true}]}}