{"id":38270,"date":"2019-06-02T15:14:15","date_gmt":"2019-06-02T19:14:15","guid":{"rendered":"https:\/\/linitiative.ca\/International\/pros-tahrat-je-me-sens-tres-bien\/"},"modified":"2019-06-02T15:14:15","modified_gmt":"2019-06-02T19:14:15","slug":"pros-tahrat-je-me-sens-tres-bien","status":"publish","type":"post","link":"https:\/\/linitiative.ca\/International\/pros-tahrat-je-me-sens-tres-bien\/","title":{"rendered":"Pros : Tahrat: \u00abJe me sens tr\u00e8s bien\u00bb"},"content":{"rendered":"<div readability=\"32\">\n<p>Auteur : <span>Riad O.<\/span> <span class=\"time\">dimanche 02 juin 2019 17:55<\/span><\/p>\n<\/div>\n<div id=\"post_core\" readability=\"38\">\n<p>Le d\u00e9fenseur Alg\u00e9rien du RC Lens, Mehdi Tahrat a expliqu\u00e9\u00a0qu\u2019il se sent bien et ce en d\u00e9pit du fait qu\u2019il ait rat\u00e9 une bonne partie de la saison en raison de blessure\u00a0:\u00a0\u00abJ\u2019ai eu la chance d\u2019avoir bien travaill\u00e9 au pr\u00e9alable pour bien revenir et j\u2019ai encha\u00een\u00e9 beaucoup de matchs, ce qui m\u2019a permis de bien encaisser le rythme. Je me sens tr\u00e8s bien. Mais oui, la saison n\u2019a pas \u00e9t\u00e9 simple pour moi. J\u2019avais confiance dans le groupe et je suis content de pouvoir l\u2019aider l\u00e0 dans la derni\u00e8re ligne droite.\u00bb a-t-il d\u00e9clar\u00e9 dans un entretien accord\u00e9 \u00e0 la Voix du Nord. Rappelons que Tahrat et les Lensois affronteront ce soir Dijon en match retour des barrages pour la mont\u00e9e en Ligue 1 Conforama.<\/p>\n<p><strong>Publi\u00e9 dans :<\/strong> <span>Tahrat<\/span><\/p>\n<\/div>\n<p>Auteur:<br \/>\n<a href=\"http:\/\/www.lebuteur.com\/article\/detail?titre=tahrat-je-me-sens-tres-bien&#038;id=89290&#038;utm_source=feedburner&#038;utm_medium=feed&#038;utm_campaign=Feed%3A+GalerieFArtciles+%28Les+derniers+articles++-+lebuteur.com%29\">Cliquez ici pour lire l&rsquo;article depuis sa source.<\/a><\/p>\n","protected":false},"excerpt":{"rendered":"<p>Auteur : Riad O. dimanche 02 juin 2019 17:55 Le d\u00e9fenseur Alg\u00e9rien du RC Lens, Mehdi Tahrat a expliqu\u00e9\u00a0qu\u2019il se sent bien et ce en d\u00e9pit du fait qu\u2019il ait rat\u00e9 une bonne partie de la saison en raison de blessure\u00a0:\u00a0\u00abJ\u2019ai eu la chance d\u2019avoir bien travaill\u00e9 au pr\u00e9alable pour bien revenir et j\u2019ai encha\u00een\u00e9 [&hellip;]<\/p>\n","protected":false},"author":1738,"featured_media":38271,"comment_status":"closed","ping_status":"closed","sticky":false,"template":"","format":"standard","meta":{"fifu_image_url":"","fifu_image_alt":"","footnotes":""},"categories":[53,75],"tags":[],"class_list":["post-38270","post","type-post","status-publish","format-standard","has-post-thumbnail","hentry","category-algerie","category-sport"],"_links":{"self":[{"href":"https:\/\/linitiative.ca\/International\/wp-json\/wp\/v2\/posts\/38270","targetHints":{"allow":["GET"]}}],"collection":[{"href":"https:\/\/linitiative.ca\/International\/wp-json\/wp\/v2\/posts"}],"about":[{"href":"https:\/\/linitiative.ca\/International\/wp-json\/wp\/v2\/types\/post"}],"author":[{"embeddable":true,"href":"https:\/\/linitiative.ca\/International\/wp-json\/wp\/v2\/users\/1738"}],"replies":[{"embeddable":true,"href":"https:\/\/linitiative.ca\/International\/wp-json\/wp\/v2\/comments?post=38270"}],"version-history":[{"count":0,"href":"https:\/\/linitiative.ca\/International\/wp-json\/wp\/v2\/posts\/38270\/revisions"}],"wp:featuredmedia":[{"embeddable":true,"href":"https:\/\/linitiative.ca\/International\/wp-json\/"}],"wp:attachment":[{"href":"https:\/\/linitiative.ca\/International\/wp-json\/wp\/v2\/media?parent=38270"}],"wp:term":[{"taxonomy":"category","embeddable":true,"href":"https:\/\/linitiative.ca\/International\/wp-json\/wp\/v2\/categories?post=38270"},{"taxonomy":"post_tag","embeddable":true,"href":"https:\/\/linitiative.ca\/International\/wp-json\/wp\/v2\/tags?post=38270"}],"curies":[{"name":"wp","href":"https:\/\/api.w.org\/{rel}","templated":true}]}}