{"id":38272,"date":"2019-06-02T15:14:16","date_gmt":"2019-06-02T19:14:16","guid":{"rendered":"https:\/\/linitiative.ca\/International\/international-om-brahimi-expose-ses-conditions-a-zubizarreta\/"},"modified":"2019-06-02T15:14:16","modified_gmt":"2019-06-02T19:14:16","slug":"international-om-brahimi-expose-ses-conditions-a-zubizarreta","status":"publish","type":"post","link":"https:\/\/linitiative.ca\/International\/international-om-brahimi-expose-ses-conditions-a-zubizarreta\/","title":{"rendered":"International : OM: Brahimi expose ses conditions \u00e0 Zubizarreta"},"content":{"rendered":"<div readability=\"32\">\n<p>Auteur : <span class=\"time\">dimanche 02 juin 2019 18:27<\/span><\/p>\n<\/div>\n<div id=\"post_core\" readability=\"50\">\n<p>L\u2019OM, qui pourrait perdre Florian Thauvin la saison prochaine, est d\u00e9j\u00e0 position\u00e9 sur Yacine Brahimi pour le remplacer. Une cible de longue date sur qui les recruteurs marseillais ont toujours \u00e9chou\u00e9. Mais cette fois, l\u2019op\u00e9ration est d\u2019autant envisageable que l\u2019attaquant s\u2019en ira libre du FC Porto en juin. Un statut contractuel qui suscite d\u00e9j\u00e0 aux trousses du joueur de 29 ans une pl\u00e9thore de clubs, dont, en plus de l\u2019 OM, West Ham, le Betis S\u00e9ville et Fenerbah\u00e7e. Le dernier club cit\u00e9 aurait m\u00eame d\u00e9j\u00e0 pr\u00e9sent\u00e9 son offre : une prime \u00e0 la signature de 3,5M\u20ac plus un salaire de 13M\u20ac sur 3 saisons (3,5M\u20ac la premi\u00e8re saison et 3M\u20ac pour chacune des deux derni\u00e8res saisons). Bien s\u00fbr que les recruteurs turcs sont tomb\u00e9s des nues de voir le joueur du FC Porto refuser net cette offre pour leur exposer ses conditions \u00e0 lui : une prime \u00e0 la signature de 6M\u20ac et un salaire de 14M\u20ac sur 3 ans. Les m\u00e9dias turcs annoncent que Fenerbah\u00e7e n\u2019a pas donn\u00e9 suite \u00e0 cette proposition. Pour sa part, l\u2019OM peut d\u00e9j\u00e0 se f\u00e9liciter d\u2019\u00eatre brief\u00e9 sur les conditions de Yacine Brahimi avant m\u00eame de se pr\u00e9senter devant lui. Encore qu\u2019on peut se demander si \u00e0 ces conditions l\u2019Olympique de Marseille osera se pr\u00e9senter\u2026 En tout cas, l\u2019ancien Rennais, lui, n\u2019est pas press\u00e9 d\u2019entendre ses courtisans. Il veut d\u2019abord participer \u00e0 la prochaine CAN (21juin-19juillet). L\u2019id\u00e9e est claire : briller \u00e0 ce grand rassemblement du football africain pour \u00eatre en position de force face \u00e0 ses courtisans rapporte foot-sur7.fr.<\/p>\n<p><strong>Publi\u00e9 dans :<\/strong> <span>OM<\/span> <span>Zubizarreta<\/span> <span>Brahimi<\/span><\/p>\n<\/div>\n<p>Auteur:<br \/>\n<a href=\"http:\/\/www.lebuteur.com\/article\/detail?titre=om-brahimi-expose-ses-conditions-a-zubizarreta&#038;id=89292&#038;utm_source=feedburner&#038;utm_medium=feed&#038;utm_campaign=Feed%3A+GalerieFArtciles+%28Les+derniers+articles++-+lebuteur.com%29\">Cliquez ici pour lire l&rsquo;article depuis sa source.<\/a><\/p>\n","protected":false},"excerpt":{"rendered":"<p>Auteur : dimanche 02 juin 2019 18:27 L\u2019OM, qui pourrait perdre Florian Thauvin la saison prochaine, est d\u00e9j\u00e0 position\u00e9 sur Yacine Brahimi pour le remplacer. Une cible de longue date sur qui les recruteurs marseillais ont toujours \u00e9chou\u00e9. Mais cette fois, l\u2019op\u00e9ration est d\u2019autant envisageable que l\u2019attaquant s\u2019en ira libre du FC Porto en juin. [&hellip;]<\/p>\n","protected":false},"author":1738,"featured_media":38273,"comment_status":"closed","ping_status":"closed","sticky":false,"template":"","format":"standard","meta":{"fifu_image_url":"","fifu_image_alt":"","footnotes":""},"categories":[53,75],"tags":[],"class_list":["post-38272","post","type-post","status-publish","format-standard","has-post-thumbnail","hentry","category-algerie","category-sport"],"_links":{"self":[{"href":"https:\/\/linitiative.ca\/International\/wp-json\/wp\/v2\/posts\/38272","targetHints":{"allow":["GET"]}}],"collection":[{"href":"https:\/\/linitiative.ca\/International\/wp-json\/wp\/v2\/posts"}],"about":[{"href":"https:\/\/linitiative.ca\/International\/wp-json\/wp\/v2\/types\/post"}],"author":[{"embeddable":true,"href":"https:\/\/linitiative.ca\/International\/wp-json\/wp\/v2\/users\/1738"}],"replies":[{"embeddable":true,"href":"https:\/\/linitiative.ca\/International\/wp-json\/wp\/v2\/comments?post=38272"}],"version-history":[{"count":0,"href":"https:\/\/linitiative.ca\/International\/wp-json\/wp\/v2\/posts\/38272\/revisions"}],"wp:featuredmedia":[{"embeddable":true,"href":"https:\/\/linitiative.ca\/International\/wp-json\/"}],"wp:attachment":[{"href":"https:\/\/linitiative.ca\/International\/wp-json\/wp\/v2\/media?parent=38272"}],"wp:term":[{"taxonomy":"category","embeddable":true,"href":"https:\/\/linitiative.ca\/International\/wp-json\/wp\/v2\/categories?post=38272"},{"taxonomy":"post_tag","embeddable":true,"href":"https:\/\/linitiative.ca\/International\/wp-json\/wp\/v2\/tags?post=38272"}],"curies":[{"name":"wp","href":"https:\/\/api.w.org\/{rel}","templated":true}]}}