{"id":38277,"date":"2019-06-02T15:19:03","date_gmt":"2019-06-02T19:19:03","guid":{"rendered":"https:\/\/linitiative.ca\/International\/algerie-bulgarie-accord-sur-le-tourisme\/"},"modified":"2019-06-02T15:19:03","modified_gmt":"2019-06-02T19:19:03","slug":"algerie-bulgarie-accord-sur-le-tourisme","status":"publish","type":"post","link":"https:\/\/linitiative.ca\/International\/algerie-bulgarie-accord-sur-le-tourisme\/","title":{"rendered":"Alg\u00e9rie-Bulgarie  : Accord sur le tourisme"},"content":{"rendered":"<p>Le ministre du Tourisme et de l&rsquo;Artisanat, Abdelkader Benmessaoud, et son homologue bulgare, Nikolina Angelkova, ont convenu de la n\u00e9cessit\u00e9 de cr\u00e9er une commission d&rsquo;orientation pour l&rsquo;application des clauses du m\u00e9morandum d&rsquo;entente sur le domaine du\u00a0\u00a0 tourisme, sign\u00e9 en 2014 \u00e0 Alger, entre les deux pays.\u00a0 M. Benmessaoud et son homologue ont pass\u00e9 en revue l&rsquo;\u00e9tat des\u00a0\u00a0 relations bilat\u00e9rales dans le domaine du tourisme et examin\u00e9 \u00ab\u00a0les voies de la relance de la coop\u00e9ration bilat\u00e9rale dans le domaine du tourisme et de l&rsquo;artisanat\u00a0\u00bb, convenant de la cr\u00e9ation d&rsquo;une commission d&rsquo;orientation d&rsquo;application des clauses du m\u00e9morandum d&rsquo;entente sur le tourisme, sign\u00e9 en 2014 \u00e0 Alger, entre les deux pays. Les deux parties ont insist\u00e9 sur \u00ab\u00a0les voies d&rsquo;\u00e9change des exp\u00e9riences dans le domaine du tourisme thermal, de l&rsquo;investissement touristique, du tourisme d&rsquo;affaires, du tourisme montagnard et du tourisme d&rsquo;aventure, outre l&rsquo;intensification de la coop\u00e9ration en termes de formation dans les domaines du tourisme, de l&rsquo;h\u00f4tellerie et de la restauration\u00a0\u00bb.\u00a0 \u00a0<br \/>\u00a0La ministre bulgare du tourisme a pour sa part exprim\u00e9 \u00ab\u00a0sa reconnaissance pour la participation active et qualitative de la partie alg\u00e9rienne\u00a0\u00bb \u00e0\u00a0\u00a0 cette conf\u00e9rence, saluant \u00ab\u00a0la qualit\u00e9 des relations privil\u00e9gi\u00e9es entre l&rsquo;Alg\u00e9rie et la Bulgarie\u00a0\u00bb.<br \/>\u00a0<\/p>\n<p>Auteur: elmoudjahid<br \/>\n<a href=\"http:\/\/www.elmoudjahid.com\/fr\/actualites\/137631\">Cliquez ici pour lire l&rsquo;article depuis sa source.<\/a><\/p>\n","protected":false},"excerpt":{"rendered":"<p>Le ministre du Tourisme et de l&rsquo;Artisanat, Abdelkader Benmessaoud, et son homologue bulgare, Nikolina Angelkova, ont convenu de la n\u00e9cessit\u00e9 de cr\u00e9er une commission d&rsquo;orientation pour l&rsquo;application des clauses du m\u00e9morandum d&rsquo;entente sur le domaine du\u00a0\u00a0 tourisme, sign\u00e9 en 2014 \u00e0 Alger, entre les deux pays.\u00a0 M. Benmessaoud et son homologue ont pass\u00e9 en revue [&hellip;]<\/p>\n","protected":false},"author":1744,"featured_media":0,"comment_status":"closed","ping_status":"closed","sticky":false,"template":"","format":"standard","meta":{"fifu_image_url":"","fifu_image_alt":"","footnotes":""},"categories":[73,53],"tags":[],"class_list":["post-38277","post","type-post","status-publish","format-standard","hentry","category-actualite","category-algerie"],"_links":{"self":[{"href":"https:\/\/linitiative.ca\/International\/wp-json\/wp\/v2\/posts\/38277","targetHints":{"allow":["GET"]}}],"collection":[{"href":"https:\/\/linitiative.ca\/International\/wp-json\/wp\/v2\/posts"}],"about":[{"href":"https:\/\/linitiative.ca\/International\/wp-json\/wp\/v2\/types\/post"}],"author":[{"embeddable":true,"href":"https:\/\/linitiative.ca\/International\/wp-json\/wp\/v2\/users\/1744"}],"replies":[{"embeddable":true,"href":"https:\/\/linitiative.ca\/International\/wp-json\/wp\/v2\/comments?post=38277"}],"version-history":[{"count":0,"href":"https:\/\/linitiative.ca\/International\/wp-json\/wp\/v2\/posts\/38277\/revisions"}],"wp:attachment":[{"href":"https:\/\/linitiative.ca\/International\/wp-json\/wp\/v2\/media?parent=38277"}],"wp:term":[{"taxonomy":"category","embeddable":true,"href":"https:\/\/linitiative.ca\/International\/wp-json\/wp\/v2\/categories?post=38277"},{"taxonomy":"post_tag","embeddable":true,"href":"https:\/\/linitiative.ca\/International\/wp-json\/wp\/v2\/tags?post=38277"}],"curies":[{"name":"wp","href":"https:\/\/api.w.org\/{rel}","templated":true}]}}