{"id":38279,"date":"2019-06-02T15:19:06","date_gmt":"2019-06-02T19:19:06","guid":{"rendered":"https:\/\/linitiative.ca\/International\/deces-de-kamel-eddine-fekhar-des-avocats-deposent-plainte\/"},"modified":"2019-06-02T15:19:06","modified_gmt":"2019-06-02T19:19:06","slug":"deces-de-kamel-eddine-fekhar-des-avocats-deposent-plainte","status":"publish","type":"post","link":"https:\/\/linitiative.ca\/International\/deces-de-kamel-eddine-fekhar-des-avocats-deposent-plainte\/","title":{"rendered":"D\u00e9c\u00e8s de Kamel Eddine Fekhar : Des avocats d\u00e9posent plainte"},"content":{"rendered":"<p>Des avocats du militant des droits de l&rsquo;Homme, Kamel Eddine Fekhar, d\u00e9c\u00e9d\u00e9 mardi dernier, ont\u00a0 annonc\u00e9 avoir pris la\u00a0\u00a0 d\u00e9cision de d\u00e9poser des plaintes \u00e0 l&rsquo;encontre de ceux qui ont caus\u00e9 sa mort.\u00a0 Me Said Zahi a d\u00e9clar\u00e9 \u00e0 l&rsquo;issue des fun\u00e9railles de Kamel Eddine Fekhar, samedi au cimeti\u00e8re d&rsquo;El Alia (Alger), qu'\u00a0\u00bbil a \u00e9t\u00e9 d\u00e9cid\u00e9 de d\u00e9poser des plaintes \u00e0 l&rsquo;encontre de ceux qui ont caus\u00e9 la mort de Fekhar en raison de la d\u00e9gradation de son \u00e9tat de sant\u00e9\u00a0\u00bb. Feu Kamel Eddine Fekhar (54 ans) est d\u00e9c\u00e9d\u00e9, mardi, au Centre\u00a0\u00a0 hospitalo-universitaire (CHU) Frantz- Fanon de Blida, apr\u00e8s d\u00e9t\u00e9rioration de\u00a0\u00a0 son \u00e9tat de sant\u00e9 suite \u00e0 une gr\u00e8ve de la faim. Le d\u00e9funt avait \u00e9t\u00e9 admis au pavillon carc\u00e9ral de l\u2019h\u00f4pital de Gharda\u00efa le 26 avril dernier, avant d\u2019\u00eatre transf\u00e9r\u00e9 dans la nuit de lundi \u00e0 mardi vers le CHU de Blida.\u00a0 Me Said Zahi a indiqu\u00e9 qu&rsquo;en date du 16 mai dernier, il a d\u00e9pos\u00e9 une\u00a0\u00a0 demande aupr\u00e8s du juge d&rsquo;instruction pour la lib\u00e9ration du d\u00e9funt \u00ab\u00a0mais ce\u00a0\u00a0 dernier nous quitte t\u00f4t avant l&rsquo;examen de cette demande\u00a0\u00bb. Pour sa part, l&rsquo;avocat Salah Debouz a qualifi\u00e9 la mort de Kamel Eddine Fekhar de \u00ab\u00a0crime\u00a0\u00bb, r\u00e9clamant l&rsquo;inculpation des responsables de sa mort. Une foule nombreuse a accompagn\u00e9 le d\u00e9funt \u00e0 sa derni\u00e8re demeure en\u00a0\u00a0 pr\u00e9sence de politiciens et juristes dont Said Saadi, Karim Tabou, Mustapha\u00a0\u00a0 Bouchachi, Mokrane Ait Larbi et Ali Laskri. Le minist\u00e8re de la Justice avait instruit, mercredi, ses services concern\u00e9s de diligenter \u00ab\u00a0une enqu\u00eate approfondie\u00a0\u00bb sur les tenants et aboutissants du d\u00e9c\u00e8s du militant des droits de l&rsquo;Homme Kamel Eddine Fekhar. Ancien militant du FFS, feu Kamel Eddine Fekhar, m\u00e9decin g\u00e9n\u00e9raliste, \u00e9tait un militant des droits de l\u2019Homme.<\/p>\n<p>Auteur: elmoudjahid<br \/>\n<a href=\"http:\/\/www.elmoudjahid.com\/fr\/actualites\/137633\">Cliquez ici pour lire l&rsquo;article depuis sa source.<\/a><\/p>\n","protected":false},"excerpt":{"rendered":"<p>Des avocats du militant des droits de l&rsquo;Homme, Kamel Eddine Fekhar, d\u00e9c\u00e9d\u00e9 mardi dernier, ont\u00a0 annonc\u00e9 avoir pris la\u00a0\u00a0 d\u00e9cision de d\u00e9poser des plaintes \u00e0 l&rsquo;encontre de ceux qui ont caus\u00e9 sa mort.\u00a0 Me Said Zahi a d\u00e9clar\u00e9 \u00e0 l&rsquo;issue des fun\u00e9railles de Kamel Eddine Fekhar, samedi au cimeti\u00e8re d&rsquo;El Alia (Alger), qu&rsquo;\u00a0\u00bbil a \u00e9t\u00e9 [&hellip;]<\/p>\n","protected":false},"author":1744,"featured_media":0,"comment_status":"closed","ping_status":"closed","sticky":false,"template":"","format":"standard","meta":{"fifu_image_url":"","fifu_image_alt":"","footnotes":""},"categories":[73,53],"tags":[],"class_list":["post-38279","post","type-post","status-publish","format-standard","hentry","category-actualite","category-algerie"],"_links":{"self":[{"href":"https:\/\/linitiative.ca\/International\/wp-json\/wp\/v2\/posts\/38279","targetHints":{"allow":["GET"]}}],"collection":[{"href":"https:\/\/linitiative.ca\/International\/wp-json\/wp\/v2\/posts"}],"about":[{"href":"https:\/\/linitiative.ca\/International\/wp-json\/wp\/v2\/types\/post"}],"author":[{"embeddable":true,"href":"https:\/\/linitiative.ca\/International\/wp-json\/wp\/v2\/users\/1744"}],"replies":[{"embeddable":true,"href":"https:\/\/linitiative.ca\/International\/wp-json\/wp\/v2\/comments?post=38279"}],"version-history":[{"count":0,"href":"https:\/\/linitiative.ca\/International\/wp-json\/wp\/v2\/posts\/38279\/revisions"}],"wp:attachment":[{"href":"https:\/\/linitiative.ca\/International\/wp-json\/wp\/v2\/media?parent=38279"}],"wp:term":[{"taxonomy":"category","embeddable":true,"href":"https:\/\/linitiative.ca\/International\/wp-json\/wp\/v2\/categories?post=38279"},{"taxonomy":"post_tag","embeddable":true,"href":"https:\/\/linitiative.ca\/International\/wp-json\/wp\/v2\/tags?post=38279"}],"curies":[{"name":"wp","href":"https:\/\/api.w.org\/{rel}","templated":true}]}}