{"id":38281,"date":"2019-06-02T15:19:10","date_gmt":"2019-06-02T19:19:10","guid":{"rendered":"https:\/\/linitiative.ca\/International\/crise-politique-le-dialogue-pour-sortir-de-limpasse\/"},"modified":"2019-06-02T15:19:10","modified_gmt":"2019-06-02T19:19:10","slug":"crise-politique-le-dialogue-pour-sortir-de-limpasse","status":"publish","type":"post","link":"https:\/\/linitiative.ca\/International\/crise-politique-le-dialogue-pour-sortir-de-limpasse\/","title":{"rendered":"Crise politique : Le dialogue pour sortir de l\u2019impasse"},"content":{"rendered":"<p><strong>Par la voix de sa classe politique plurielle, soit les multiples formations de diverses ob\u00e9diences, la soci\u00e9t\u00e9 appelle au dialogue<\/strong> <strong>pour parvenir \u00e0 une issue \u00e0 la crise actuelle.<\/strong><\/p>\n<p>La soci\u00e9t\u00e9 \u2014 cela se confirme aussi via les m\u00e9dias, et notamment \u00e0 travers des plateaux t\u00e9l\u00e9 traitant de l\u2019actualit\u00e9 \u2014 attend avec impatience l\u2019ouverture du dialogue. Bref, tout le monde a compris qu\u2019il est inutile de faire dans la fuite en avant, tant il est vrai que sans le recours \u00e0 la concertation, l\u2019impact serait, au mieux, de faire perdurer la crise actuelle, au pire, de mener vers l\u2019impasse. Toutefois, force est de constater que jusqu\u2019\u00e0 l\u2019heure actuelle, aucun signe manifeste dans le sens d\u2019augurer de la possibilit\u00e9 d\u2019ouvrir de sit\u00f4t le d\u00e9bat ne se profile encore \u00e0 l\u2019horizon.<br \/>Cette situation risque, h\u00e9las, de perdurer, \u00e0 tenir compte de certaines prises de positions de quelques responsables politiques qui \u00e9coutent certes les voies appelant \u00e0 une concertation inclusive sans r\u00e9ellement les entendre. Ils feignent d\u2019ignorer en effet cette proposition engageant les hautes institutions de l\u2019\u00c9tat et r\u00e9it\u00e9r\u00e9e d\u2019ailleurs maintes fois et de fa\u00e7on tr\u00e8s solennelle, et disent, \u00e0 qui veut les entendre, qu\u2019eux aussi appellent au dialogue.<br \/>Ils disent aussi refuser de dialoguer avec le chef de l\u2019\u00c9tat et avec le Premier ministre. C\u2019est l\u00e0 une incongruit\u00e9, sinon cela rel\u00e8ve de l\u2019aberration. Ne pas prendre langue avec\u00a0 le pouvoir actuel, repr\u00e9sent\u00e9 par MM. Bensalah et Bedoui, dans le cadre d\u2019une concertation nationale engageant in\u00e9vitablement l\u2019avenir du peuple et o\u00f9 il est question de\u00a0 la fin d\u2019un syst\u00e8me, d\u2019une \u00e9poque de gouvernance et d\u2019instauration d\u2019une nouvelle\u00a0 R\u00e9publique tant r\u00eav\u00e9e par des milliers, voire des millions d\u2019Alg\u00e9riens, serait un grave d\u00e9rapage.\u00a0<br \/>Ce dont a d\u00e9j\u00e0 averti d\u2019ailleurs l\u2019ancien chef de gouvernement Ahmed\u00a0 Benbitour\u00a0 qui, de passage la semaine derni\u00e8re \u00e0 la radio, a plaid\u00e9 pour des\u00a0 \u00abn\u00e9gociations avec le syst\u00e8me\u00bb, c\u2019est-\u00e0-dire\u00a0 avec ses repr\u00e9sentants actuels. Il a aussi\u00a0 invit\u00e9 le mouvement citoyen \u00e0 se hisser \u00e0 une phase qualitative, y compris en termes de revendications, o\u00f9 la logique \u00abyetnahaw ga\u00e2\u00bb sera volontairement\u00a0 disqualifi\u00e9e.<br \/>Par ailleurs, tenir compte de l\u2019\u00e9loignement des positions des leaders de la classe politique et de leurs innombrables divergences, c\u2019est surtout admettre l\u2019\u00e9chec de toute entreprise de dialogue impliquant les seuls concern\u00e9s. On ne peut, autrement dit, engager un dialogue sinc\u00e8re et responsable en excluant les repr\u00e9sentants du r\u00e9gime. S\u2019engouffrer dans cette voie est synonyme de fuite de responsabilit\u00e9 face au devoir de tout un chacun de faire valoir l\u2019int\u00e9r\u00eat supr\u00eame de la nation. C\u2019est aussi prendre en otage cette aspiration exprim\u00e9e pacifiquement\u00a0 par tout un peuple d\u00e9termin\u00e9 \u00e0 instaurer une Alg\u00e9rie fond\u00e9e sur les principes de l\u2019\u00c9tat de droit et d\u2019une\u00a0 justice ind\u00e9pendante\u00a0 en rupture totale avec les pratiques de la gabegie et de toute forme de falsification de la souverainet\u00e9 populaire.<br \/>Ce qui ne pourrait se concr\u00e9tiser que par\u00a0 le recours, dans les meilleurs d\u00e9lais,\u00a0 \u00e0 l\u2019ouverture du dialogue impliquant les dirigeants actuels, les partis, tous les partis politiques, repr\u00e9sentants de la soci\u00e9t\u00e9 civile et militants du mouvement citoyen luttant pacifiquement pour un changement radical. \u00c0 d\u00e9faut, ce serait r\u00e9duire le r\u00eave d\u2019une nouvelle R\u00e9publique au rang d\u2019une utopie, et le pays aura, une fois de plus, mal n\u00e9goci\u00e9 un autre virage vers une r\u00e9elle \u00e9mancipation d\u00e9mocratique. Pis encore, la crise actuelle risque de s\u2019\u00e9terniser dans le temps, non sans susciter des dommages collat\u00e9raux au double plan \u00e9conomique et social.<br \/>Karim Aoudia<\/p>\n<p>Auteur: elmoudjahid<br \/>\n<a href=\"http:\/\/www.elmoudjahid.com\/fr\/actualites\/137635\">Cliquez ici pour lire l&rsquo;article depuis sa source.<\/a><\/p>\n","protected":false},"excerpt":{"rendered":"<p>Par la voix de sa classe politique plurielle, soit les multiples formations de diverses ob\u00e9diences, la soci\u00e9t\u00e9 appelle au dialogue pour parvenir \u00e0 une issue \u00e0 la crise actuelle. La soci\u00e9t\u00e9 \u2014 cela se confirme aussi via les m\u00e9dias, et notamment \u00e0 travers des plateaux t\u00e9l\u00e9 traitant de l\u2019actualit\u00e9 \u2014 attend avec impatience l\u2019ouverture du [&hellip;]<\/p>\n","protected":false},"author":1744,"featured_media":0,"comment_status":"closed","ping_status":"closed","sticky":false,"template":"","format":"standard","meta":{"fifu_image_url":"","fifu_image_alt":"","footnotes":""},"categories":[73,53],"tags":[],"class_list":["post-38281","post","type-post","status-publish","format-standard","hentry","category-actualite","category-algerie"],"_links":{"self":[{"href":"https:\/\/linitiative.ca\/International\/wp-json\/wp\/v2\/posts\/38281","targetHints":{"allow":["GET"]}}],"collection":[{"href":"https:\/\/linitiative.ca\/International\/wp-json\/wp\/v2\/posts"}],"about":[{"href":"https:\/\/linitiative.ca\/International\/wp-json\/wp\/v2\/types\/post"}],"author":[{"embeddable":true,"href":"https:\/\/linitiative.ca\/International\/wp-json\/wp\/v2\/users\/1744"}],"replies":[{"embeddable":true,"href":"https:\/\/linitiative.ca\/International\/wp-json\/wp\/v2\/comments?post=38281"}],"version-history":[{"count":0,"href":"https:\/\/linitiative.ca\/International\/wp-json\/wp\/v2\/posts\/38281\/revisions"}],"wp:attachment":[{"href":"https:\/\/linitiative.ca\/International\/wp-json\/wp\/v2\/media?parent=38281"}],"wp:term":[{"taxonomy":"category","embeddable":true,"href":"https:\/\/linitiative.ca\/International\/wp-json\/wp\/v2\/categories?post=38281"},{"taxonomy":"post_tag","embeddable":true,"href":"https:\/\/linitiative.ca\/International\/wp-json\/wp\/v2\/tags?post=38281"}],"curies":[{"name":"wp","href":"https:\/\/api.w.org\/{rel}","templated":true}]}}