{"id":38282,"date":"2019-06-02T15:19:12","date_gmt":"2019-06-02T19:19:12","guid":{"rendered":"https:\/\/linitiative.ca\/International\/offres-demploi-au-sud-plus-dequite-et-de-transparence\/"},"modified":"2019-06-02T15:19:12","modified_gmt":"2019-06-02T19:19:12","slug":"offres-demploi-au-sud-plus-dequite-et-de-transparence","status":"publish","type":"post","link":"https:\/\/linitiative.ca\/International\/offres-demploi-au-sud-plus-dequite-et-de-transparence\/","title":{"rendered":"Offres d\u2019Emploi au sud : Plus d\u2019\u00e9quit\u00e9 et de transparence"},"content":{"rendered":"<p>\u00abLors des six derni\u00e8res ann\u00e9es, plus de 27.200 proc\u00e8s-verbaux d&rsquo;infraction ont \u00e9t\u00e9 \u00e9tablis par les services de l&rsquo;inspection du Travail, contre des soci\u00e9t\u00e9s et des entreprises activant au sud du pays, pour non-respect des proc\u00e9dures relatives au placement de demandeurs d&#8217;emploi.\u00bb C\u2019est ce qu\u2019a r\u00e9v\u00e9l\u00e9, samedi, le ministre du Travail, de l&rsquo;Emploi et de la S\u00e9curit\u00e9 sociale, lors d\u2019une rencontre d&rsquo;\u00e9valuation de l&#8217;emploi au Sud, organis\u00e9e \u00e0 Alger. Il confiera \u00e9galement que plus de 246.000 placements de demandeurs d&#8217;emploi dans le march\u00e9 du travail dans les wilayas du Sud ont \u00e9t\u00e9 effectu\u00e9s depuis 2013, \u00e0 raison de 41.000 placements par an, outre quelque 13.250 placements dans le cadre des Contrats de travail aid\u00e9s (CTA) et plus de 116.000 autres\u00a0 dans le cadre du Dispositif d\u2019aide \u00e0 l\u2019insertion professionnelle (DAIP).\u00a0<br \/>Cit\u00e9 par l\u2019APS, Tidjani Hassan Haddam a assur\u00e9 que les pr\u00e9occupations des jeunes du Sud constituent un \u00abcentre d&rsquo;int\u00e9r\u00eat\u00bb pour le gouvernement, qui a mis en place un dispositif \u00absp\u00e9cial\u00bb charg\u00e9 de la gestion du dossier de l&#8217;emploi dans la r\u00e9gion, et affirm\u00e9 avoir instruit les inspecteurs \u00abd\u2019augmenter\u00bb la cadence des op\u00e9rations de contr\u00f4le et d&rsquo;inspection pour \u00ablutter fortement\u00bb contre tout d\u00e9passement dans ce domaine.<br \/>\u00a0\u00abC\u2019est comme \u00e7a que les entreprises respecteront davantage les proc\u00e9dures juridiques des placements\u00bb, a-t-il not\u00e9. Il a soutenu que les pouvoirs publics accordent un int\u00e9r\u00eat \u00abparticulier\u00bb au d\u00e9veloppement des wilayas du Sud, notamment \u00e0 travers la r\u00e9union des conditions\u00a0 \u00abn\u00e9cessaires\u00bb \u00e0 la promotion de\u00a0 l&rsquo;investissement pour la cr\u00e9ation de richesse et d&#8217;emploi dans ces wilayas.<br \/>Ne s\u2019arr\u00eatant pas \u00e0 ce stade, le premier responsable du secteur a transmis un message on ne peut plus clair aux\u00a0 responsables locaux, en leur exigeant d\u2019\u00eatre plus \u00abrigoureux\u00bb et \u00abtransparent\u00bb, et de faire preuve \u00abd&rsquo;\u00e9quit\u00e9 dans la gestion des programmes li\u00e9s \u00e0 la gestion des offres d&#8217;emploi et au placement des demandeurs d&#8217;emploi\u00bb, insistant dans la foul\u00e9e sur \u00abl&rsquo;\u00e9galit\u00e9 des chances\u00bb entre les demandeurs d&#8217;emploi.<br \/>Le ministre a cit\u00e9, \u00e0 cet effet, l&rsquo;instruction du Premier ministre du 28 mai 2019 relative \u00e0 la r\u00e9activation du r\u00f4le des comit\u00e9s d&#8217;emploi de wilaya install\u00e9s en 2013 et pr\u00e9sid\u00e9s par les walis, et soulign\u00e9 la n\u00e9cessit\u00e9 d&rsquo;une coordination \u00abtotale\u00bb entre les walis et les secteurs concern\u00e9s par l&#8217;emploi au niveau local dans le cadre de ces comit\u00e9s.\u00a0<br \/>Le membre du gouvernement a rappel\u00e9, \u00e0 l\u2019occasion, l&rsquo;attribution de 431 autorisations exceptionnelles d&#8217;emploi au profit de 14.200 travailleurs originaires d&rsquo;autres wilayas, essentiellement pour les sp\u00e9cialit\u00e9s li\u00e9es aux domaines des hydrocarbures, de la construction et des travaux publics, et du tourisme.<br \/>\u00c0 ce sujet, M. Haddam a pr\u00e9cis\u00e9 que ces autorisations \u00abinterviennent en r\u00e9ponse \u00e0 de nombreuses demandes enregistr\u00e9es au niveau des agences d&#8217;emploi\u00bb, soulignant \u00abl&rsquo;impossibilit\u00e9 de r\u00e9pondre \u00e0 ces demandes, car les professions demand\u00e9es connaissent un manque de main-\u0153uvre locale qualifi\u00e9e\u00bb.<br \/>Le ministre r\u00e9v\u00e9lera \u00e9galement quelques chiffres tels que le financement de 23.500 micro-entreprises dans le cadre de l\u2019Agence nationale de soutien \u00e0 l\u2019emploi des jeunes (ANSEJ) et de la Caisse nationale d\u2019assurance-ch\u00f4mage (CNAC), permettant ainsi la cr\u00e9ation de 57.000 nouveaux postes d&#8217;emploi. En sus des 1.281 micro-entreprises ont b\u00e9n\u00e9fici\u00e9 d&rsquo;un quota de 20% des march\u00e9s publics conform\u00e9ment aux dispositions de l&rsquo;article 87 de la loi sur les march\u00e9s publics.<br \/>Le ministre a affirm\u00e9, notamment que les agences de l\u2019emploi sont continuellement destinataires de plusieurs demandes et enregistrent des protestations de citoyens \u00e0 la recherche d\u2019un emploi, concernant la gestion du dossier de l&#8217;emploi dans les wilayas du Sud, ce qui exige la d\u00e9termination des causes de cette situation.<br \/>\u00a0\u00a0\u00a0 Mohamed Mendaci<br \/>\u00a0<\/p>\n<p>Auteur: elmoudjahid<br \/>\n<a href=\"http:\/\/www.elmoudjahid.com\/fr\/actualites\/137636\">Cliquez ici pour lire l&rsquo;article depuis sa source.<\/a><\/p>\n","protected":false},"excerpt":{"rendered":"<p>\u00abLors des six derni\u00e8res ann\u00e9es, plus de 27.200 proc\u00e8s-verbaux d&rsquo;infraction ont \u00e9t\u00e9 \u00e9tablis par les services de l&rsquo;inspection du Travail, contre des soci\u00e9t\u00e9s et des entreprises activant au sud du pays, pour non-respect des proc\u00e9dures relatives au placement de demandeurs d&#8217;emploi.\u00bb C\u2019est ce qu\u2019a r\u00e9v\u00e9l\u00e9, samedi, le ministre du Travail, de l&rsquo;Emploi et de la [&hellip;]<\/p>\n","protected":false},"author":1744,"featured_media":0,"comment_status":"closed","ping_status":"closed","sticky":false,"template":"","format":"standard","meta":{"fifu_image_url":"","fifu_image_alt":"","footnotes":""},"categories":[73,53],"tags":[],"class_list":["post-38282","post","type-post","status-publish","format-standard","hentry","category-actualite","category-algerie"],"_links":{"self":[{"href":"https:\/\/linitiative.ca\/International\/wp-json\/wp\/v2\/posts\/38282","targetHints":{"allow":["GET"]}}],"collection":[{"href":"https:\/\/linitiative.ca\/International\/wp-json\/wp\/v2\/posts"}],"about":[{"href":"https:\/\/linitiative.ca\/International\/wp-json\/wp\/v2\/types\/post"}],"author":[{"embeddable":true,"href":"https:\/\/linitiative.ca\/International\/wp-json\/wp\/v2\/users\/1744"}],"replies":[{"embeddable":true,"href":"https:\/\/linitiative.ca\/International\/wp-json\/wp\/v2\/comments?post=38282"}],"version-history":[{"count":0,"href":"https:\/\/linitiative.ca\/International\/wp-json\/wp\/v2\/posts\/38282\/revisions"}],"wp:attachment":[{"href":"https:\/\/linitiative.ca\/International\/wp-json\/wp\/v2\/media?parent=38282"}],"wp:term":[{"taxonomy":"category","embeddable":true,"href":"https:\/\/linitiative.ca\/International\/wp-json\/wp\/v2\/categories?post=38282"},{"taxonomy":"post_tag","embeddable":true,"href":"https:\/\/linitiative.ca\/International\/wp-json\/wp\/v2\/tags?post=38282"}],"curies":[{"name":"wp","href":"https:\/\/api.w.org\/{rel}","templated":true}]}}