{"id":38288,"date":"2019-06-02T10:35:53","date_gmt":"2019-06-02T14:35:53","guid":{"rendered":"https:\/\/linitiative.ca\/International\/90183-athletisme-les-algeriens-laredj-et-bouhadda-sur-le-podium-au-challenge-de-valence\/"},"modified":"2019-06-02T10:35:53","modified_gmt":"2019-06-02T14:35:53","slug":"90183-athletisme-les-algeriens-laredj-et-bouhadda-sur-le-podium-au-challenge-de-valence","status":"publish","type":"post","link":"https:\/\/linitiative.ca\/International\/90183-athletisme-les-algeriens-laredj-et-bouhadda-sur-le-podium-au-challenge-de-valence\/","title":{"rendered":"Athl\u00e9tisme : les Alg\u00e9riens Laredj et Bouhadda sur le podium au Challenge de Valence"},"content":{"rendered":"<div>\n<div class=\"K2FeedImage\"><img decoding=\"async\" src=\"http:\/\/www.aps.dz\/media\/k2\/items\/cache\/9c5868ad4869fd3ca9221f82d31ae0cc_S.jpg\" alt=\"Athl\u00e9tisme : les Alg\u00e9riens Laredj et Bouhadda sur le podium au Challenge de Valence\"><\/div>\n<div class=\"K2FeedIntroText\">\n<p><strong>PARIS &#8211; Les demi-fondistes alg\u00e9riens Miloud Laredj et Sofiane Bouhadda ont occup\u00e9 respectivement les 2<sup>e<\/sup> et 3e places sur 400 m\u00e8tres d&rsquo;un Challenge d&rsquo;athl\u00e9tisme disput\u00e9 samedi au stade Georges-Pompidou de Valence (France).<\/strong><\/p>\n<\/div>\n<div class=\"K2FeedFullText\">\n<p>Laredj a \u00e9t\u00e9 cr\u00e9dit\u00e9 d&rsquo;un chrono de 47.12, devant son compatriote Bouhadda qui a r\u00e9alis\u00e9 un temps de 47.54 alors que cette course a \u00e9t\u00e9 remport\u00e9e par le Fran\u00e7ais Gilles Biron en 47.10.<\/p>\n<p>Le 26 mai dernier, Laredj avait enregistr\u00e9 un chrono de 46.86 sur 400 m\u00e8tres du meeting de Forbach, lui qui, une semaine auparavant avait parcouru la distance en 46.90, lors des Championnats de France interclubs.<\/p>\n<p>Pour sa part, Bouhadda enregistrait \u00e0 Valence sa premi\u00e8re sortie de la saison. Il s&rsquo;est dit \u00ab\u00a0satisfait\u00a0\u00bb de son rendement, surtout qu&rsquo;il a r\u00e9ussi ce chrono \u00ab\u00a0avec la fatigue du Ramadhan\u00a0\u00bb et les conditions climatiques difficiles qui ont s\u00e9vi le jour de cette course, car selon lui \u00ab\u00a0le vent avait souffl\u00e9 un peu fort\u00a0\u00bb.<\/p>\n<p>Bouhadda a tenu \u00e0 pr\u00e9ciser que son objectif est de courir le 400 m\u00e8tres en moins de 46 secondes et disputer les prochains Jeux africains, pr\u00e9vus aux mois d&rsquo;ao\u00fbt et septembre au Maroc.<\/p>\n<p>Mais avant cela, Bouhadda aura disput\u00e9 le 200 m\u00e8tres du meeting d&rsquo;Angoul\u00eame, pr\u00e9vu le 7 juin en France.<\/p>\n<\/div>\n<p><img loading=\"lazy\" decoding=\"async\" src=\"http:\/\/feeds.feedburner.com\/~r\/aps-sport\/~4\/cUfxM_qIzz0\" height=\"1\" width=\"1\" alt=\"\"><\/div>\n<p>Auteur:<br \/>\n<a href=\"http:\/\/www.aps.dz\/sport\/90183-athletisme-les-algeriens-laredj-et-bouhadda-sur-le-podium-au-challenge-de-valence?utm_source=feedburner&#038;utm_medium=feed&#038;utm_campaign=Feed%3A+aps-sport+%28APS+-+SPORT%29\">Cliquez ici pour lire l&rsquo;article depuis sa source.<\/a><\/p>\n","protected":false},"excerpt":{"rendered":"<p>PARIS &#8211; Les demi-fondistes alg\u00e9riens Miloud Laredj et Sofiane Bouhadda ont occup\u00e9 respectivement les 2e et 3e places sur 400 m\u00e8tres d&rsquo;un Challenge d&rsquo;athl\u00e9tisme disput\u00e9 samedi au stade Georges-Pompidou de Valence (France). Laredj a \u00e9t\u00e9 cr\u00e9dit\u00e9 d&rsquo;un chrono de 47.12, devant son compatriote Bouhadda qui a r\u00e9alis\u00e9 un temps de 47.54 alors que cette course [&hellip;]<\/p>\n","protected":false},"author":1790,"featured_media":38289,"comment_status":"closed","ping_status":"closed","sticky":false,"template":"","format":"standard","meta":{"fifu_image_url":"","fifu_image_alt":"","footnotes":""},"categories":[53,75],"tags":[],"class_list":["post-38288","post","type-post","status-publish","format-standard","has-post-thumbnail","hentry","category-algerie","category-sport"],"_links":{"self":[{"href":"https:\/\/linitiative.ca\/International\/wp-json\/wp\/v2\/posts\/38288","targetHints":{"allow":["GET"]}}],"collection":[{"href":"https:\/\/linitiative.ca\/International\/wp-json\/wp\/v2\/posts"}],"about":[{"href":"https:\/\/linitiative.ca\/International\/wp-json\/wp\/v2\/types\/post"}],"author":[{"embeddable":true,"href":"https:\/\/linitiative.ca\/International\/wp-json\/wp\/v2\/users\/1790"}],"replies":[{"embeddable":true,"href":"https:\/\/linitiative.ca\/International\/wp-json\/wp\/v2\/comments?post=38288"}],"version-history":[{"count":0,"href":"https:\/\/linitiative.ca\/International\/wp-json\/wp\/v2\/posts\/38288\/revisions"}],"wp:featuredmedia":[{"embeddable":true,"href":"https:\/\/linitiative.ca\/International\/wp-json\/"}],"wp:attachment":[{"href":"https:\/\/linitiative.ca\/International\/wp-json\/wp\/v2\/media?parent=38288"}],"wp:term":[{"taxonomy":"category","embeddable":true,"href":"https:\/\/linitiative.ca\/International\/wp-json\/wp\/v2\/categories?post=38288"},{"taxonomy":"post_tag","embeddable":true,"href":"https:\/\/linitiative.ca\/International\/wp-json\/wp\/v2\/tags?post=38288"}],"curies":[{"name":"wp","href":"https:\/\/api.w.org\/{rel}","templated":true}]}}