{"id":38296,"date":"2019-06-02T13:32:00","date_gmt":"2019-06-02T17:32:00","guid":{"rendered":"https:\/\/linitiative.ca\/International\/le-report-le-scenario-attendu\/"},"modified":"2019-06-02T13:32:00","modified_gmt":"2019-06-02T17:32:00","slug":"le-report-le-scenario-attendu","status":"publish","type":"post","link":"https:\/\/linitiative.ca\/International\/le-report-le-scenario-attendu\/","title":{"rendered":"Le report, le sc\u00e9nario attendu"},"content":{"rendered":"<p><br id=\"sep_para_1\" class=\"sep_para access\"\/><\/p>\n<div id=\"para_1\" class=\"para_31423397 resize\">\n<div class=\"texte access firstletter\">Au moment o\u00f9\u00a0 le pays se pr\u00e9parait \u00e0 un scrutin aussi capital que l\u2019\u00e9lection pr\u00e9sidentielle con\u00e7ue ou annonc\u00e9e comme celle de la deuxi\u00e8me R\u00e9publique tant r\u00e9clam\u00e9e par les Alg\u00e9riens, voil\u00e0 que le sc\u00e9nario du report vient d\u2019\u00eatre officialis\u00e9 par le Conseil constitutionnel. Un sc\u00e9nario pr\u00e9\u00e9tabli sans doute puisque seulement, \u00e0 quelques jours de la date limite fix\u00e9e pour le d\u00e9p\u00f4t des candidatures, aucun indice s\u00e9rieux n\u2019a \u00e9t\u00e9 marqu\u00e9. Cette absence d\u2019engouement des candidats de poids et la poursuite des manifestations populaires rejetant une \u00e9lection avec le personnel actuel et exigeant le d\u00e9part pr\u00e9alable des \u00ab3B\u00bb (Bedoui-Bouchareb-Bensalah) acc\u00e9l\u00e8rent la d\u00e9cantation qui met d\u00e9sormais les d\u00e9tenteurs du pouvoir r\u00e9el, c\u2019est-\u00e0-dire le commandement de l\u2019\u00e9tat-major de l\u2019ANP, devant le fait accompli et les oblige \u00e0 aller vers une p\u00e9riode de transition avec une base constitutionnelle qui puisse servir \u00e9ventuellement de garde-fous ou \u00e0 trouver, comme l\u2019a sugg\u00e9r\u00e9 \u00e0 plusieurs reprises le g\u00e9n\u00e9ral Ga\u00efd-Salah dans ses discours, une sorte de compromis entre la solution politique et l\u2019option constitutionnelle. En plus de ces deux contraintes, il y a apparemment cette impossibilit\u00e9 d\u2019organiser ce scrutin au plan \u00ablogistique\u00bb, comme l\u2019a avanc\u00e9 une source autoris\u00e9e \u00e0 la tr\u00e8s s\u00e9rieuse agence britannique Reuters. Selon cette agence, le Conseil constitutionnel devra annoncer, dans les prochains jours, le report de l\u2019\u00e9lection pr\u00e9sidentielle, en arguant de l\u2019absence de conditions n\u00e9cessaires pour l\u2019organisation du scrutin. Et bien cette hypoth\u00e8se vient de voir le jour !\u00a0 La m\u00eame source r\u00e9v\u00e8le que l\u2019\u00e9lection pourrait \u00eatre report\u00e9e jusqu\u2019\u00e0 la fin de l\u2019ann\u00e9e en cours. Des pr\u00e9visions qui se recoupent avec des rumeurs qui circulent depuis quelques jours sur la possibilit\u00e9 de reporter le scrutin au 31 octobre prochain. Au del\u00e0 de toutes ces hypoth\u00e8ses,\u00a0 on \u00e9voquera certainement\u00a0 une p\u00e9riode de transition et qui devrait \u00eatre lanc\u00e9e automatiquement apr\u00e8s l\u2019annonce de ce report.<\/div>\n<\/div>\n<p>Auteur: Amina L<br \/>\n<a href=\"https:\/\/www.reflexiondz.net\/Le-report-le-scenario-attendu_a56075.html\">Cliquez ici pour lire l&rsquo;article depuis sa source.<\/a><\/p>\n","protected":false},"excerpt":{"rendered":"<p>Au moment o\u00f9\u00a0 le pays se pr\u00e9parait \u00e0 un scrutin aussi capital que l\u2019\u00e9lection pr\u00e9sidentielle con\u00e7ue ou annonc\u00e9e comme celle de la deuxi\u00e8me R\u00e9publique tant r\u00e9clam\u00e9e par les Alg\u00e9riens, voil\u00e0 que le sc\u00e9nario du report vient d\u2019\u00eatre officialis\u00e9 par le Conseil constitutionnel. Un sc\u00e9nario pr\u00e9\u00e9tabli sans doute puisque seulement, \u00e0 quelques jours de la date [&hellip;]<\/p>\n","protected":false},"author":1740,"featured_media":0,"comment_status":"closed","ping_status":"closed","sticky":false,"template":"","format":"standard","meta":{"fifu_image_url":"","fifu_image_alt":"","footnotes":""},"categories":[53,76],"tags":[],"class_list":["post-38296","post","type-post","status-publish","format-standard","hentry","category-algerie","category-regions"],"_links":{"self":[{"href":"https:\/\/linitiative.ca\/International\/wp-json\/wp\/v2\/posts\/38296","targetHints":{"allow":["GET"]}}],"collection":[{"href":"https:\/\/linitiative.ca\/International\/wp-json\/wp\/v2\/posts"}],"about":[{"href":"https:\/\/linitiative.ca\/International\/wp-json\/wp\/v2\/types\/post"}],"author":[{"embeddable":true,"href":"https:\/\/linitiative.ca\/International\/wp-json\/wp\/v2\/users\/1740"}],"replies":[{"embeddable":true,"href":"https:\/\/linitiative.ca\/International\/wp-json\/wp\/v2\/comments?post=38296"}],"version-history":[{"count":0,"href":"https:\/\/linitiative.ca\/International\/wp-json\/wp\/v2\/posts\/38296\/revisions"}],"wp:attachment":[{"href":"https:\/\/linitiative.ca\/International\/wp-json\/wp\/v2\/media?parent=38296"}],"wp:term":[{"taxonomy":"category","embeddable":true,"href":"https:\/\/linitiative.ca\/International\/wp-json\/wp\/v2\/categories?post=38296"},{"taxonomy":"post_tag","embeddable":true,"href":"https:\/\/linitiative.ca\/International\/wp-json\/wp\/v2\/tags?post=38296"}],"curies":[{"name":"wp","href":"https:\/\/api.w.org\/{rel}","templated":true}]}}