{"id":38297,"date":"2019-06-02T13:32:00","date_gmt":"2019-06-02T17:32:00","guid":{"rendered":"https:\/\/linitiative.ca\/International\/fete-de-laid-el-fitr-les-journees-du-1er-et-2-chaoual-chomees-et-payees\/"},"modified":"2019-06-02T13:32:00","modified_gmt":"2019-06-02T17:32:00","slug":"fete-de-laid-el-fitr-les-journees-du-1er-et-2-chaoual-chomees-et-payees","status":"publish","type":"post","link":"https:\/\/linitiative.ca\/International\/fete-de-laid-el-fitr-les-journees-du-1er-et-2-chaoual-chomees-et-payees\/","title":{"rendered":"FETE DE L&rsquo;A\u00cfD EL FITR : Les journ\u00e9es du 1er et 2 chaoual ch\u00f4m\u00e9es et pay\u00e9es"},"content":{"rendered":"<p><br id=\"sep_para_1\" class=\"sep_para access\"\/><\/p>\n<div id=\"para_1\" class=\"para_31423395 resize\">\n<div class=\"texte access firstletter\">Les journ\u00e9es du 1er et 2 chaoual 1440 de l&rsquo;h\u00e9gire, c\u00e9l\u00e9brant l&rsquo;A\u00efd el Fitr, seront ch\u00f4m\u00e9es et pay\u00e9es pour l&rsquo;ensemble des personnels des institutions et administrations publiques, des \u00e9tablissements et offices publics et priv\u00e9s.\u00a0 Elles le seront \u00e9galement aux personnels des entreprises publiques et priv\u00e9es, tous secteurs et statuts juridiques confondus, y compris les personnels pay\u00e9s \u00e0 l&rsquo;heure ou \u00e0 la journ\u00e9e. La direction g\u00e9n\u00e9rale de la Fonction publique et de la R\u00e9forme administrative pr\u00e9cise dans un communiqu\u00e9 que les institutions, administrations, \u00e9tablissements, offices et entreprises pr\u00e9cit\u00e9s, sont tenus de prendre les mesures pour assurer la continuit\u00e9 des services organis\u00e9s en mode de travail post\u00e9.\u00a0\u00a0\u00a0\u00a0\u00a0\u00a0\u00a0\u00a0\u00a0\u00a0<\/div>\n<\/div>\n<p>Auteur: Nadine<br \/>\n<a href=\"https:\/\/www.reflexiondz.net\/FETE-DE-L-AID-EL-FITR-Les-journees-du-1er-et-2-chaoual-chomees-et-payees_a56074.html\">Cliquez ici pour lire l&rsquo;article depuis sa source.<\/a><\/p>\n","protected":false},"excerpt":{"rendered":"<p>Les journ\u00e9es du 1er et 2 chaoual 1440 de l&rsquo;h\u00e9gire, c\u00e9l\u00e9brant l&rsquo;A\u00efd el Fitr, seront ch\u00f4m\u00e9es et pay\u00e9es pour l&rsquo;ensemble des personnels des institutions et administrations publiques, des \u00e9tablissements et offices publics et priv\u00e9s.\u00a0 Elles le seront \u00e9galement aux personnels des entreprises publiques et priv\u00e9es, tous secteurs et statuts juridiques confondus, y compris les personnels [&hellip;]<\/p>\n","protected":false},"author":1740,"featured_media":0,"comment_status":"closed","ping_status":"closed","sticky":false,"template":"","format":"standard","meta":{"fifu_image_url":"","fifu_image_alt":"","footnotes":""},"categories":[53,76],"tags":[],"class_list":["post-38297","post","type-post","status-publish","format-standard","hentry","category-algerie","category-regions"],"_links":{"self":[{"href":"https:\/\/linitiative.ca\/International\/wp-json\/wp\/v2\/posts\/38297","targetHints":{"allow":["GET"]}}],"collection":[{"href":"https:\/\/linitiative.ca\/International\/wp-json\/wp\/v2\/posts"}],"about":[{"href":"https:\/\/linitiative.ca\/International\/wp-json\/wp\/v2\/types\/post"}],"author":[{"embeddable":true,"href":"https:\/\/linitiative.ca\/International\/wp-json\/wp\/v2\/users\/1740"}],"replies":[{"embeddable":true,"href":"https:\/\/linitiative.ca\/International\/wp-json\/wp\/v2\/comments?post=38297"}],"version-history":[{"count":0,"href":"https:\/\/linitiative.ca\/International\/wp-json\/wp\/v2\/posts\/38297\/revisions"}],"wp:attachment":[{"href":"https:\/\/linitiative.ca\/International\/wp-json\/wp\/v2\/media?parent=38297"}],"wp:term":[{"taxonomy":"category","embeddable":true,"href":"https:\/\/linitiative.ca\/International\/wp-json\/wp\/v2\/categories?post=38297"},{"taxonomy":"post_tag","embeddable":true,"href":"https:\/\/linitiative.ca\/International\/wp-json\/wp\/v2\/tags?post=38297"}],"curies":[{"name":"wp","href":"https:\/\/api.w.org\/{rel}","templated":true}]}}