{"id":38298,"date":"2019-06-02T13:32:00","date_gmt":"2019-06-02T17:32:00","guid":{"rendered":"https:\/\/linitiative.ca\/International\/la-presidentielle-officiellement-annulee-le-conseil-constitutionnel-prolonge-la-mission-de-bensalah\/"},"modified":"2019-06-02T13:32:00","modified_gmt":"2019-06-02T17:32:00","slug":"la-presidentielle-officiellement-annulee-le-conseil-constitutionnel-prolonge-la-mission-de-bensalah","status":"publish","type":"post","link":"https:\/\/linitiative.ca\/International\/la-presidentielle-officiellement-annulee-le-conseil-constitutionnel-prolonge-la-mission-de-bensalah\/","title":{"rendered":"LA PRESIDENTIELLE OFFICIELLEMENT ANNULEE : Le Conseil constitutionnel  prolonge la mission de Bensalah"},"content":{"rendered":"<p><br id=\"sep_para_1\" class=\"sep_para access\"\/><\/p>\n<div id=\"para_1\" class=\"para_31423390 resize\">\n<div class=\"photo shadow left\"><a href=\"javascript:void(0)\" rel=\"https:\/\/www.reflexiondz.net\/photo\/art\/grande\/34378191-31423390.jpg?v=1559500250&#038;ibox\" title=\"LA PRESIDENTIELLE OFFICIELLEMENT ANNULEE : Le Conseil constitutionnel prolonge la mission de Bensalah\"><img decoding=\"async\" class=\"responsive c9\" src=\"https:\/\/www.reflexiondz.net\/photo\/art\/grande\/34378191-31423390.jpg?v=1559500250\" alt=\"LA PRESIDENTIELLE OFFICIELLEMENT ANNULEE : Le Conseil constitutionnel prolonge la mission de Bensalah\" title=\"LA PRESIDENTIELLE OFFICIELLEMENT ANNULEE : Le Conseil constitutionnel prolonge la mission de Bensalah\"\/><img decoding=\"async\" class=\"not-responsive\" src=\"https:\/\/www.reflexiondz.net\/photo\/art\/default\/34378191-31423390.jpg?v=1559500254\" alt=\"LA PRESIDENTIELLE OFFICIELLEMENT ANNULEE : Le Conseil constitutionnel prolonge la mission de Bensalah\" title=\"LA PRESIDENTIELLE OFFICIELLEMENT ANNULEE : Le Conseil constitutionnel prolonge la mission de Bensalah\"\/><\/a><\/div>\n<div class=\"texte access firstletter\">En effet, le Conseil constitutionnel s&rsquo;est prononc\u00e9 dimanche par le rejet des deux dossiers de candidature d\u00e9pos\u00e9s, en vue de la pr\u00e9sidentielle du 4 juillet 2019, pr\u00e9cisant qu&rsquo;il revient d\u00e9sormais au Chef de l&rsquo;Etat de convoquer de nouveau le corps \u00e9lectoral. Le Conseil constitutionnel, r\u00e9uni samedi, \u00e0 l&rsquo;effet de d\u00e9lib\u00e9rer sur les dossiers de candidatures pour l&rsquo;\u00e9lection du Pr\u00e9sident de la R\u00e9publique pr\u00e9vu le 4 juillet 2019, \u00ab\u00a0s&rsquo;est prononc\u00e9 par le rejet des deux dossiers de candidature d\u00e9pos\u00e9s aupr\u00e8s de lui, en vertu de deux d\u00e9cisions individuelles n 18\/D.CC\/19 et n 19\/D.CC\/19 dat\u00e9es du 1er juin 2019\u00a0\u00bb, indique un communiqu\u00e9 du Conseil. Le Conseil a d\u00e9clar\u00e9 \u00ab\u00a0l&rsquo;impossibilit\u00e9\u00a0\u00bb de tenir cette \u00e9lection et la r\u00e9organisation de celle-ci de nouveau. Le Conseil constitutionnel a indiqu\u00e9 ce dimanche qu\u2019Abdelkader Bensalah resterait \u00e0 son poste de chef de l\u2019Etat par int\u00e9rim et ce \u00ab jusqu\u2019\u00e0 l\u2019\u00e9lection du Pr\u00e9sident de la R\u00e9publique et la prestation du serment constitutionnel \u00bb du prochain pr\u00e9sident, prolongeant de fait la mission de Bensalah. \u00ab Il revient au chef de l\u2019Etat de convoquer de nouveau le corps \u00e9lectoral et de parachever le processus \u00e9lectoral jusqu\u2019\u00e0 l\u2019\u00e9lection du Pr\u00e9sident de la R\u00e9publique et la prestation du serment constitutionnel \u00bb, a estim\u00e9 le Conseil constitutionnel dans un communiqu\u00e9 diffus\u00e9 ce dimanche suite \u00e0 l\u2019annonce du rejet des deux candidatures \u00e0 l\u2019\u00e9lection pr\u00e9sidentielle pr\u00e9vue pour le 4 juillet. Le Conseil constitutionnel s\u2019appuie dans son annonce sur le fait \u00ab la Constitution pr\u00e9voit que la mission essentielle d\u00e9volue \u00e0 celui investi de la charge de Chef de l\u2019Etat est d\u2019organiser l\u2019\u00e9lection du Pr\u00e9sident de la R\u00e9publique \u00bb, rappel\u00e9 l\u2019institution \u00ab Il y a lieu de r\u00e9unir les conditions ad\u00e9quates pour l\u2019organisation de cette \u00e9lection dans la transparence et la neutralit\u00e9 en vue de pr\u00e9server les institutions constitutionnelles qui concourent \u00e0 la r\u00e9alisation des aspirations du peuple souverain \u00bb, a par ailleurs indiqu\u00e9 le Conseil constitutionnel.<\/div>\n<\/div>\n<p>Auteur: Ismain<br \/>\n<a href=\"https:\/\/www.reflexiondz.net\/LA-PRESIDENTIELLE-OFFICIELLEMENT-ANNULEE-Le-Conseil-constitutionnel-prolonge-la-mission-de-Bensalah_a56073.html\">Cliquez ici pour lire l&rsquo;article depuis sa source.<\/a><\/p>\n","protected":false},"excerpt":{"rendered":"<p>En effet, le Conseil constitutionnel s&rsquo;est prononc\u00e9 dimanche par le rejet des deux dossiers de candidature d\u00e9pos\u00e9s, en vue de la pr\u00e9sidentielle du 4 juillet 2019, pr\u00e9cisant qu&rsquo;il revient d\u00e9sormais au Chef de l&rsquo;Etat de convoquer de nouveau le corps \u00e9lectoral. Le Conseil constitutionnel, r\u00e9uni samedi, \u00e0 l&rsquo;effet de d\u00e9lib\u00e9rer sur les dossiers de candidatures [&hellip;]<\/p>\n","protected":false},"author":1740,"featured_media":0,"comment_status":"closed","ping_status":"closed","sticky":false,"template":"","format":"standard","meta":{"fifu_image_url":"","fifu_image_alt":"","footnotes":""},"categories":[53,76],"tags":[],"class_list":["post-38298","post","type-post","status-publish","format-standard","hentry","category-algerie","category-regions"],"_links":{"self":[{"href":"https:\/\/linitiative.ca\/International\/wp-json\/wp\/v2\/posts\/38298","targetHints":{"allow":["GET"]}}],"collection":[{"href":"https:\/\/linitiative.ca\/International\/wp-json\/wp\/v2\/posts"}],"about":[{"href":"https:\/\/linitiative.ca\/International\/wp-json\/wp\/v2\/types\/post"}],"author":[{"embeddable":true,"href":"https:\/\/linitiative.ca\/International\/wp-json\/wp\/v2\/users\/1740"}],"replies":[{"embeddable":true,"href":"https:\/\/linitiative.ca\/International\/wp-json\/wp\/v2\/comments?post=38298"}],"version-history":[{"count":0,"href":"https:\/\/linitiative.ca\/International\/wp-json\/wp\/v2\/posts\/38298\/revisions"}],"wp:attachment":[{"href":"https:\/\/linitiative.ca\/International\/wp-json\/wp\/v2\/media?parent=38298"}],"wp:term":[{"taxonomy":"category","embeddable":true,"href":"https:\/\/linitiative.ca\/International\/wp-json\/wp\/v2\/categories?post=38298"},{"taxonomy":"post_tag","embeddable":true,"href":"https:\/\/linitiative.ca\/International\/wp-json\/wp\/v2\/tags?post=38298"}],"curies":[{"name":"wp","href":"https:\/\/api.w.org\/{rel}","templated":true}]}}