{"id":38299,"date":"2019-06-02T13:32:00","date_gmt":"2019-06-02T17:32:00","guid":{"rendered":"https:\/\/linitiative.ca\/International\/les-accusant-de-comploter-pour-le-destituer-le-president-du-msp-charge-les-freres-kouninef\/"},"modified":"2019-06-02T13:32:00","modified_gmt":"2019-06-02T17:32:00","slug":"les-accusant-de-comploter-pour-le-destituer-le-president-du-msp-charge-les-freres-kouninef","status":"publish","type":"post","link":"https:\/\/linitiative.ca\/International\/les-accusant-de-comploter-pour-le-destituer-le-president-du-msp-charge-les-freres-kouninef\/","title":{"rendered":"LES ACCUSANT DE COMPLOTER POUR LE DESTITUER : Le pr\u00e9sident du MSP charge  les fr\u00e8res Kouninef"},"content":{"rendered":"<p><br id=\"sep_para_1\" class=\"sep_para access\"\/><\/p>\n<div id=\"para_1\" class=\"para_31423373 resize\">\n<div class=\"texte access firstletter\">En effet, les fr\u00e8res Kouninef, des hommes d\u2019affaires proches de la famille Bouteflika aujourd\u2019hui en prison puisque poursuivis pour des affaires de corruption, n\u2019\u00e9taient pas indiff\u00e9rents aux joutes politiques, loin s\u2019en faut.\u00a0 Les soup\u00e7ons qui pesaient sur leur immixtion dans le champ politique viennent, en effet, d\u2019\u00eatre confirm\u00e9es par le pr\u00e9sident du MSP, Abderazak Makri. Ce dernier a, dans une d\u00e9claration, \u00e0 la cha\u00eene de t\u00e9l\u00e9vision Numidia New, directement accus\u00e9 un des fr\u00e8res Kouninef, sans le citer toutefois, d\u2019avoir foment\u00e9 un complot pour le destituer de la pr\u00e9sidence du MSP. Cela s\u2019est pass\u00e9 au lendemain de l\u2019annonce de sa candidature \u00e0 la pr\u00e9sidentielle avort\u00e9e du 18 avril dernier. Makri a indiqu\u00e9 ainsi que ce chef du clan Kouninef s\u2019\u00e9tait oppos\u00e9 \u00e0 sa d\u00e9cision \u00bbde se porter candidat \u00e0 l\u2019\u00e9lection \u2013parce que, selon eux, elle n\u2019\u00e9tait pas du go\u00fbt des Bouteflika, qui y voyaient, d\u2019apr\u00e8s lui, une concurrence s\u00e9rieuse \u00bb. Le chef de file des islamistes affirme dans sa d\u00e9claration que \u00ab cet homme avait contact\u00e9 des dirigeants du Mouvement pour les exhorter \u00e0 me renverser \u00bb, en r\u00e9v\u00e9lant que le coup avait \u00e9t\u00e9 pr\u00e9par\u00e9 par un des directeurs de l\u2019homme d\u2019affaires. \u00bbCette d\u00e9cision a \u00e9t\u00e9 une r\u00e9action \u00e0 ma candidature \u00bb, explique AbderrazakMokri. Et d\u2019ajouter : \u00ab Apr\u00e8s la fin du r\u00e8gne de Bouteflika, tout le monde a essay\u00e9 d\u2019enprendre le relais, \u00e0 commencer par l\u2019entourage du pr\u00e9sident et l\u2019\u00c9tat profond. Avec ces r\u00e9v\u00e9lations, Makri confirme que les fr\u00e8res Kouninef, qui \u00e9taient tr\u00e8s proches de l\u2019entourage de l\u2019ex-clan pr\u00e9sidentiel, ont bel et bien tent\u00e9 d\u2019exercer des pressions politiques afin d\u2019ouvrir la voie au cinqui\u00e8me mandat qui a \u00e9t\u00e9 tr\u00e8s largement contest\u00e9 par le mouvement populaire.<\/div>\n<\/div>\n<p>Auteur: Ismain<br \/>\n<a href=\"https:\/\/www.reflexiondz.net\/LES-ACCUSANT-DE-COMPLOTER-POUR-LE-DESTITUER-Le-president-du-MSP-charge-les-freres-Kouninef_a56071.html\">Cliquez ici pour lire l&rsquo;article depuis sa source.<\/a><\/p>\n","protected":false},"excerpt":{"rendered":"<p>En effet, les fr\u00e8res Kouninef, des hommes d\u2019affaires proches de la famille Bouteflika aujourd\u2019hui en prison puisque poursuivis pour des affaires de corruption, n\u2019\u00e9taient pas indiff\u00e9rents aux joutes politiques, loin s\u2019en faut.\u00a0 Les soup\u00e7ons qui pesaient sur leur immixtion dans le champ politique viennent, en effet, d\u2019\u00eatre confirm\u00e9es par le pr\u00e9sident du MSP, Abderazak Makri. [&hellip;]<\/p>\n","protected":false},"author":1740,"featured_media":0,"comment_status":"closed","ping_status":"closed","sticky":false,"template":"","format":"standard","meta":{"fifu_image_url":"","fifu_image_alt":"","footnotes":""},"categories":[53,76],"tags":[],"class_list":["post-38299","post","type-post","status-publish","format-standard","hentry","category-algerie","category-regions"],"_links":{"self":[{"href":"https:\/\/linitiative.ca\/International\/wp-json\/wp\/v2\/posts\/38299","targetHints":{"allow":["GET"]}}],"collection":[{"href":"https:\/\/linitiative.ca\/International\/wp-json\/wp\/v2\/posts"}],"about":[{"href":"https:\/\/linitiative.ca\/International\/wp-json\/wp\/v2\/types\/post"}],"author":[{"embeddable":true,"href":"https:\/\/linitiative.ca\/International\/wp-json\/wp\/v2\/users\/1740"}],"replies":[{"embeddable":true,"href":"https:\/\/linitiative.ca\/International\/wp-json\/wp\/v2\/comments?post=38299"}],"version-history":[{"count":0,"href":"https:\/\/linitiative.ca\/International\/wp-json\/wp\/v2\/posts\/38299\/revisions"}],"wp:attachment":[{"href":"https:\/\/linitiative.ca\/International\/wp-json\/wp\/v2\/media?parent=38299"}],"wp:term":[{"taxonomy":"category","embeddable":true,"href":"https:\/\/linitiative.ca\/International\/wp-json\/wp\/v2\/categories?post=38299"},{"taxonomy":"post_tag","embeddable":true,"href":"https:\/\/linitiative.ca\/International\/wp-json\/wp\/v2\/tags?post=38299"}],"curies":[{"name":"wp","href":"https:\/\/api.w.org\/{rel}","templated":true}]}}