{"id":38300,"date":"2019-06-02T13:32:00","date_gmt":"2019-06-02T17:32:00","guid":{"rendered":"https:\/\/linitiative.ca\/International\/mostaganem-le-ministre-des-ressources-en-eau-inspecte-plusieurs-projets\/"},"modified":"2019-06-02T13:32:00","modified_gmt":"2019-06-02T17:32:00","slug":"mostaganem-le-ministre-des-ressources-en-eau-inspecte-plusieurs-projets","status":"publish","type":"post","link":"https:\/\/linitiative.ca\/International\/mostaganem-le-ministre-des-ressources-en-eau-inspecte-plusieurs-projets\/","title":{"rendered":"MOSTAGANEM : Le ministre des ressources en eau inspecte plusieurs projets"},"content":{"rendered":"<p><br id=\"sep_para_1\" class=\"sep_para access\"\/><\/p>\n<div id=\"para_1\" class=\"para_31423359 resize\">\n<div class=\"photo shadow left\"><a href=\"javascript:void(0)\" rel=\"https:\/\/www.reflexiondz.net\/photo\/art\/grande\/34378176-31423359.jpg?v=1559500251&#038;ibox\" title=\"MOSTAGANEM : Le ministre des ressources en eau inspecte plusieurs projets\"><img decoding=\"async\" class=\"responsive c9\" src=\"https:\/\/www.reflexiondz.net\/photo\/art\/grande\/34378176-31423359.jpg?v=1559500251\" alt=\"MOSTAGANEM : Le ministre des ressources en eau inspecte plusieurs projets\" title=\"MOSTAGANEM : Le ministre des ressources en eau inspecte plusieurs projets\"\/><img decoding=\"async\" class=\"not-responsive\" src=\"https:\/\/www.reflexiondz.net\/photo\/art\/default\/34378176-31423359.jpg?v=1559500254\" alt=\"MOSTAGANEM : Le ministre des ressources en eau inspecte plusieurs projets\" title=\"MOSTAGANEM : Le ministre des ressources en eau inspecte plusieurs projets\"\/><\/a><\/div>\n<div class=\"texte access firstletter\">Le ministre des ressources en eau, M. Ali Hammam, a effectu\u00e9 une visite de travail \u00e0 Mostaganem, le dimanche 02 Juin 2019 et a \u00e9t\u00e9 accueilli par le wali, M. Rebehi\u00a0 Mohamed Abdenour et un panel de son ex\u00e9cutif. En\u00a0 ce contexte, un expos\u00e9 sur l\u2019\u00e9tat r\u00e9capitulatif des ressources hydriques \u00e0\u00a0 Mostaganem\u00a0 touchant \u00e0 l\u2019irrigation, \u00e0 l\u2019alimentation en eau potable et\u00a0 au\u00a0 recyclage des eaux us\u00e9es qui a pour assise le syst\u00e8me triangulaire (Kramis-Mao-Dessalement), lui a \u00e9t\u00e9 pr\u00e9sent\u00e9. Il est \u00e0 noter au sujet de l\u2019alimentation en eau potable que ce produit pr\u00e9cieux arrive\u00a0 aux douars les plus \u00e9loign\u00e9s\u00a0 dont le nombre est de 590 et dont il ne reste\u00a0 que 18 qui seront raccord\u00e9s\u00a0 au cours de cette ann\u00e9e. Lors de son intervention,\u00a0 le wali a mis\u00a0 l\u2019accent sur la distribution gracieuse sur la caisse de l\u2019Etat de 12700 compteurs \u00e0 eau afin que chaque citoyen de la wilaya puisse avoir l\u2019eau courante chez lui quelque que soit son statut social. Poursuivant sa tourn\u00e9e, le ministre a pass\u00e9 en revue le plan d\u2019am\u00e9nagement de l\u2019oued Ain Sefra\u00a0 qui s\u2019\u00e9l\u00e8ve \u00e0\u00a0 2100 millions de dinars,\u00a0 lequel a\u00a0 une grande importance dans l\u2019am\u00e9lioration du cadre de vie du citoyen et qu\u2019il ne soit plus un d\u00e9bit d\u2019eau us\u00e9e uniquement mais un lieu de promenade pour les citoyens. Notons que ce dernier\u00a0 traverse la ville de bout en bout\u00a0 et qu\u2019il sera dot\u00e9 de\u00a0 plusieurs\u00a0 stades de proximit\u00e9 ,aires\u00a0 de jeux\u00a0 pour enfants,\u00a0 des pistes\u00a0 cyclables, aires\u00a0 pour la pratique de la p\u00e9tanque et aires\u00a0 de repos. Cet am\u00e9nagement d\u00e9bute \u00e0\u00a0 Sidi Othmane et prend fin au port de Mostaganem o\u00f9 une superbe placette avec parking sera \u00e9galement r\u00e9alis\u00e9e pour le\u00a0 bien-\u00eatre des\u00a0 voyageurs de la gare maritime. La d\u00e9l\u00e9gation minist\u00e9rielle a poursuivi son p\u00e9riple vers\u00a0 le parc industriel de Bordjia o\u00f9 le ministre\u00a0 s\u2019est enquis de la r\u00e9alisation d\u2019une station mixte de relevage des eaux us\u00e9es et pluviales, qui permettra de les collecter facilement, tout en\u00a0\u00a0 mettant un frein \u00e0 toute possibilit\u00e9 d\u2019inondation, et permettra \u00e0 la\u00a0 zone industrielle de prosp\u00e9rer et de s\u2019\u00e9panouir sans peur d\u2019\u00eatre emport\u00e9e par les eaux.\u00a0 En dernier, la d\u00e9l\u00e9gation et le ministre\u00a0 a inspect\u00e9\u00a0 le projet d\u2019\u00e9quipement du p\u00e9rim\u00e8tre plateau Mostaganem dont la superficie est de 6000 hectares qui a pour finalit\u00e9 le drainage et la cr\u00e9ation\u00a0 d\u2019un p\u00e9rim\u00e8tre irrigable \u00e0 partir du Mao-Kramis, nappes phr\u00e9atiques, et enfin, les eaux non conventionnelles (Steppe et Lagunes). Lors de son point de presse, le ministre a fait ressortir que la wilaya de Mostaganem demeure un leader du pays par sa richesse en eau et sa gestion si rationnelle.<\/div>\n<\/div>\n<p>Auteur: Naboussi Belayachi<br \/>\n<a href=\"https:\/\/www.reflexiondz.net\/MOSTAGANEM-Le-ministre-des-ressources-en-eau-inspecte-plusieurs-projets_a56070.html\">Cliquez ici pour lire l&rsquo;article depuis sa source.<\/a><\/p>\n","protected":false},"excerpt":{"rendered":"<p>Le ministre des ressources en eau, M. Ali Hammam, a effectu\u00e9 une visite de travail \u00e0 Mostaganem, le dimanche 02 Juin 2019 et a \u00e9t\u00e9 accueilli par le wali, M. Rebehi\u00a0 Mohamed Abdenour et un panel de son ex\u00e9cutif. En\u00a0 ce contexte, un expos\u00e9 sur l\u2019\u00e9tat r\u00e9capitulatif des ressources hydriques \u00e0\u00a0 Mostaganem\u00a0 touchant \u00e0 l\u2019irrigation, [&hellip;]<\/p>\n","protected":false},"author":1740,"featured_media":0,"comment_status":"closed","ping_status":"closed","sticky":false,"template":"","format":"standard","meta":{"fifu_image_url":"","fifu_image_alt":"","footnotes":""},"categories":[53,76],"tags":[],"class_list":["post-38300","post","type-post","status-publish","format-standard","hentry","category-algerie","category-regions"],"_links":{"self":[{"href":"https:\/\/linitiative.ca\/International\/wp-json\/wp\/v2\/posts\/38300","targetHints":{"allow":["GET"]}}],"collection":[{"href":"https:\/\/linitiative.ca\/International\/wp-json\/wp\/v2\/posts"}],"about":[{"href":"https:\/\/linitiative.ca\/International\/wp-json\/wp\/v2\/types\/post"}],"author":[{"embeddable":true,"href":"https:\/\/linitiative.ca\/International\/wp-json\/wp\/v2\/users\/1740"}],"replies":[{"embeddable":true,"href":"https:\/\/linitiative.ca\/International\/wp-json\/wp\/v2\/comments?post=38300"}],"version-history":[{"count":0,"href":"https:\/\/linitiative.ca\/International\/wp-json\/wp\/v2\/posts\/38300\/revisions"}],"wp:attachment":[{"href":"https:\/\/linitiative.ca\/International\/wp-json\/wp\/v2\/media?parent=38300"}],"wp:term":[{"taxonomy":"category","embeddable":true,"href":"https:\/\/linitiative.ca\/International\/wp-json\/wp\/v2\/categories?post=38300"},{"taxonomy":"post_tag","embeddable":true,"href":"https:\/\/linitiative.ca\/International\/wp-json\/wp\/v2\/tags?post=38300"}],"curies":[{"name":"wp","href":"https:\/\/api.w.org\/{rel}","templated":true}]}}